{"id":2728,"date":"2021-08-07T14:59:00","date_gmt":"2021-08-07T14:59:00","guid":{"rendered":"https:\/\/liturgia.o2switch.net\/lajussienne-com-sauvegarde-vieux-site\/?p=2728"},"modified":"2021-08-10T18:34:51","modified_gmt":"2021-08-10T18:34:51","slug":"ex-libris-aux-armes-du-marechal-vicomte-de-lautrec-chevalier-des-ordres-du-roi","status":"publish","type":"post","link":"https:\/\/liturgia.o2switch.net\/lajussienne-com-sauvegarde-vieux-site\/ex-libris-aux-armes-du-marechal-vicomte-de-lautrec-chevalier-des-ordres-du-roi\/","title":{"rendered":"Ex-libris aux armes du mar\u00e9chal vicomte de Lautrec, chevalier des Ordres du Roi"},"content":{"rendered":"\t\t<div data-elementor-type=\"wp-post\" data-elementor-id=\"2728\" class=\"elementor elementor-2728\" data-elementor-post-type=\"post\">\n\t\t\t\t\t\t<section class=\"elementor-section elementor-top-section elementor-element elementor-element-30743eda elementor-section-boxed elementor-section-height-default elementor-section-height-default\" data-id=\"30743eda\" data-element_type=\"section\">\n\t\t\t\t\t\t<div class=\"elementor-container elementor-column-gap-default\">\n\t\t\t\t\t<div class=\"elementor-column elementor-col-100 elementor-top-column elementor-element elementor-element-46f36571\" data-id=\"46f36571\" data-element_type=\"column\">\n\t\t\t<div class=\"elementor-widget-wrap elementor-element-populated\">\n\t\t\t\t\t\t<div class=\"elementor-element elementor-element-560f70f2 elementor-widget elementor-widget-text-editor\" data-id=\"560f70f2\" data-element_type=\"widget\" data-widget_type=\"text-editor.default\">\n\t\t\t\t<div class=\"elementor-widget-container\">\n\t\t\t\t\t\t\t<figure id=\"attachment_2729\" aria-describedby=\"caption-attachment-2729\" style=\"width: 809px\" class=\"wp-caption aligncenter\"><a href=\"https:\/\/liturgia.o2switch.net\/lajussienne-com-sauvegarde-vieux-site\/wp-content\/uploads\/2021\/08\/Ex-libris-Marechal-de-Lautrec.png\"><img fetchpriority=\"high\" decoding=\"async\" class=\"size-large wp-image-2729\" src=\"https:\/\/liturgia.o2switch.net\/lajussienne-com-sauvegarde-vieux-site\/wp-content\/uploads\/2021\/08\/Ex-libris-Marechal-de-Lautrec-819x1024.png\" alt=\"Ex-libris aux armes du mar\u00e9chal de Lautrec\" width=\"819\" height=\"1024\" srcset=\"https:\/\/liturgia.o2switch.net\/lajussienne-com-sauvegarde-vieux-site\/wp-content\/uploads\/2021\/08\/Ex-libris-Marechal-de-Lautrec-819x1024.png 819w, https:\/\/liturgia.o2switch.net\/lajussienne-com-sauvegarde-vieux-site\/wp-content\/uploads\/2021\/08\/Ex-libris-Marechal-de-Lautrec-600x750.png 600w, https:\/\/liturgia.o2switch.net\/lajussienne-com-sauvegarde-vieux-site\/wp-content\/uploads\/2021\/08\/Ex-libris-Marechal-de-Lautrec-240x300.png 240w, https:\/\/liturgia.o2switch.net\/lajussienne-com-sauvegarde-vieux-site\/wp-content\/uploads\/2021\/08\/Ex-libris-Marechal-de-Lautrec-768x960.png 768w, https:\/\/liturgia.o2switch.net\/lajussienne-com-sauvegarde-vieux-site\/wp-content\/uploads\/2021\/08\/Ex-libris-Marechal-de-Lautrec-1229x1536.png 1229w, https:\/\/liturgia.o2switch.net\/lajussienne-com-sauvegarde-vieux-site\/wp-content\/uploads\/2021\/08\/Ex-libris-Marechal-de-Lautrec.png 1426w\" sizes=\"(max-width: 819px) 100vw, 819px\" \/><\/a><figcaption id=\"caption-attachment-2729\" class=\"wp-caption-text\">Ex-libris aux armes du mar\u00e9chal de Lautrec<\/figcaption><\/figure>\n\n<strong>Daniel Fran\u00e7ois de G\u00e9las de Voisins d&rsquo;Ambres<\/strong>, mar\u00e9chal vicomte de Lautrec, baron d\u2019Ambres, seigneur de Capendu en Languedoc, de Rochette et de Lisardi\u00e8re en Anjou, fut un brillant militaire fran\u00e7ais. Il naquit \u00e0 Lavaur le 24 novembre 1682, troisi\u00e8me fils de Fran\u00e7ois de Gelas de Voisins, comte de G\u00e9las, marquis de L\u00e9beron et de Bragnac, vicomte de Lautrec et de Charlotte de Vernou de Bonneuil, dame de La Rivi\u00e8re, fille d&rsquo;honneur de la reine Anne d&rsquo;Autriche.\n<br><br>\nDaniel Fran\u00e7ois fut re\u00e7u de minorit\u00e9 dans l&rsquo;ordre de Saint-Jean de J\u00e9rusalem au sein du Grand Prieur\u00e9 de Toulouse \u00e0 l&rsquo;\u00e2ge de 6 ans en 1688 et y fut connu sous le nom du <strong>chevalier d&rsquo;Ambres<\/strong>. Il entra dans la seconde compagnie des mousquetaires de Sa Majest\u00e9 en 1701 puis se rendit \u00e0 Malte en 1702 pour y faire comme on disait, ses caravanes, et o\u00f9 il demeura au service de l&rsquo;Ordre jusqu&rsquo;en 1705.\n<br><br>\nA son retour, il est charg\u00e9 par le grand ma\u00eetre Raymond Perellos de Roquefeuil d&rsquo;offrir \u00e0 Louis XIV les faucons maltais, traditionnels pr\u00e9sents de l&rsquo;Ordre de Malte au roi de France. Nomm\u00e9 capitaine au r\u00e9giment des dragons de Lautrec, il entama une longue carri\u00e8re militaire dans les arm\u00e9es de Louis XIV au cours de la <strong>guerre de Succession d&rsquo;Espagne<\/strong>, qui le conduisit d&rsquo;abord en Italie pour servir comme aide de camp du duc d&rsquo;Orl\u00e9ans au si\u00e8ge de Turin (1706). Puis, il partit guerroyer en Allemagne dans l&rsquo;Arm\u00e9e du Rhin, servant en Alsace en 1707. Colonel d&rsquo;un r\u00e9giment d&rsquo;infanterie de son nom en 1710, lieutenant-colonel du r\u00e9giment d&rsquo;infanterie de la Reine le 28 avril 1711, il servit en Flandre sous le mar\u00e9chal de Villars jusqu&rsquo;en 1712 (si\u00e8ges de Marchiennes, de Douai, du Fort de Lescarpe, du Quesnoy), l&rsquo;accompagna dans sa campagne des bords du Rhin en 1713 (batailles de Denain, Landau et Fribourg). Daniel Fran\u00e7ois fut envoy\u00e9 en 1714 \u00e0 l&rsquo;arm\u00e9e employ\u00e9e \u00e0 la r\u00e9duction de la Catalogne (si\u00e8ge de Barcelone), avant de retourner d\u00e9fendre en 1715 l&rsquo;ile de Malte, menac\u00e9e par les Turcs. Rattach\u00e9 \u00e0 l&rsquo;arm\u00e9e rassembl\u00e9e dans les Pyr\u00e9n\u00e9es sur les fronti\u00e8res d&rsquo;Espagne en 1719, il fut promu brigadier des Arm\u00e9es du roi le 3 avril 1721. Il quitta la croix de Malte en 1723, prenant le nom de vicomte (parfois comte) de Lautrec, \u00e0 la suite du d\u00e9c\u00e8s de son p\u00e8re. Il obtint, en 1727, la charge de la lieutenance-g\u00e9n\u00e9rale de la Haute-Guyenne.\n<br><br>\nAu cours de la <strong>guerre de Succession de Pologne<\/strong>, apr\u00e8s avoir fait les campagnes d&rsquo;Italie de 1733 \u00e0 1736, sous les mar\u00e9chaux de Villars et de Coigny, il devint mar\u00e9chal de camp le 18 octobre 1734 puis inspecteur g\u00e9n\u00e9ral de l&rsquo;infanterie en 1736.\n\n<figure id=\"attachment_2731\" aria-describedby=\"caption-attachment-2731\" style=\"width: 290px\" class=\"wp-caption alignright\"><a href=\"https:\/\/liturgia.o2switch.net\/lajussienne-com-sauvegarde-vieux-site\/wp-content\/uploads\/2021\/08\/Medaille-genevoise-au-comte-de-Lautrec.png\"><img decoding=\"async\" class=\"size-medium wp-image-2731\" src=\"https:\/\/liturgia.o2switch.net\/lajussienne-com-sauvegarde-vieux-site\/wp-content\/uploads\/2021\/08\/Medaille-genevoise-au-comte-de-Lautrec-300x298.png\" alt=\"M\u00e9daille frapp\u00e9e par la r\u00e9publique de Gen\u00e8ve en l'honneur du comte de Lautrec\" width=\"300\" height=\"298\" srcset=\"https:\/\/liturgia.o2switch.net\/lajussienne-com-sauvegarde-vieux-site\/wp-content\/uploads\/2021\/08\/Medaille-genevoise-au-comte-de-Lautrec-300x298.png 300w, https:\/\/liturgia.o2switch.net\/lajussienne-com-sauvegarde-vieux-site\/wp-content\/uploads\/2021\/08\/Medaille-genevoise-au-comte-de-Lautrec-100x100.png 100w, https:\/\/liturgia.o2switch.net\/lajussienne-com-sauvegarde-vieux-site\/wp-content\/uploads\/2021\/08\/Medaille-genevoise-au-comte-de-Lautrec-600x595.png 600w, https:\/\/liturgia.o2switch.net\/lajussienne-com-sauvegarde-vieux-site\/wp-content\/uploads\/2021\/08\/Medaille-genevoise-au-comte-de-Lautrec-1024x1016.png 1024w, https:\/\/liturgia.o2switch.net\/lajussienne-com-sauvegarde-vieux-site\/wp-content\/uploads\/2021\/08\/Medaille-genevoise-au-comte-de-Lautrec-150x150.png 150w, https:\/\/liturgia.o2switch.net\/lajussienne-com-sauvegarde-vieux-site\/wp-content\/uploads\/2021\/08\/Medaille-genevoise-au-comte-de-Lautrec-768x762.png 768w, https:\/\/liturgia.o2switch.net\/lajussienne-com-sauvegarde-vieux-site\/wp-content\/uploads\/2021\/08\/Medaille-genevoise-au-comte-de-Lautrec.png 1234w\" sizes=\"(max-width: 300px) 100vw, 300px\" \/><\/a><figcaption id=\"caption-attachment-2731\" class=\"wp-caption-text\">M\u00e9daille frapp\u00e9e par la r\u00e9publique de Gen\u00e8ve en l&rsquo;honneur du comte de Lautrec<\/figcaption><\/figure>\n\nA la fin de l\u2019ann\u00e9e 1737, il fut envoy\u00e9 par le roi Louis XV \u00e0 <strong>Gen\u00e8ve<\/strong>, pl\u00e9nipotentiaire de France, pour pacifier les troubles qui \u00e9taient survenus entre les magistrats et la bourgeoisie. Il aboutit, avec les d\u00e9put\u00e9s des cantons suisses de Berne et de Zurich, \u00e0 un r\u00e8glement qui accorda toutes les parties et r\u00e9tablit la paix dans cette r\u00e9publique. En reconnaissance, Gen\u00e8ve fit frapper une m\u00e9daille en son honneur (ci-contre). A son retour en France en 1738, il fut promu lieutenant g\u00e9n\u00e9ral des Arm\u00e9es du roi.\n<br><br>\nN&rsquo;ayant pas prononc\u00e9 ses v\u0153ux dans l&rsquo;Ordre de Malte, il put de ce fait se marier et fit une brillante alliance en \u00e9pousant le 24 f\u00e9vrier 1739 <strong>Marie Louise Armande de Rohan-Chabot<\/strong> (1717 \u2020 1784), fille de Louis Bretagne Alain de Rohan-Chabot, duc de Rohan, pair de France, prince de L\u00e9on (1679 \u2020 1738) et de Fran\u00e7oise de Rocquelaure (1690 \u2020 1740), mais les quatre enfants n\u00e9s de ce mariage moururent en bas \u00e2ge\u00a0:\n<ul>\n \t<li>Louis Henri, comte de G\u00e9las, n\u00e9 le 6 ao\u00fbt 1741, mort le 16 janvier 1742. A sa naissance, la ville de Gen\u00e8ve fit faire des illuminations et des r\u00e9jouissances publiques,<\/li>\n \t<li>Charles Albert Fran\u00e7ois de G\u00e9las de Lautrec, n\u00e9 le 9 janvier 1744, mort de la petite v\u00e9role \u00e0 Paris le 28 ao\u00fbt 1753,<\/li>\n \t<li>Charles Philippe, n\u00e9 le 10 novembre 1745, re\u00e7u comme son p\u00e8re chevalier de Malte de minorit\u00e9 mais mort le 21 d\u00e9cembre 1749,<\/li>\n \t<li>Marie Louise de G\u00e9las, n\u00e9e le 19 novembre 1739 et morte le 1<sup>er<\/sup> septembre 1745.<\/li>\n<\/ul>\nIl participa aux diff\u00e9rentes phases de la <strong>guerre de Succession d&rsquo;Autriche<\/strong> dans les arm\u00e9es de Louis XV, en particulier au sein de l&rsquo;Arm\u00e9e de Westphalie en 1741 et 1742. Le vicomte de Lautrec fut cr\u00e9\u00e9 en 1743 chevalier des Ordres du roi. Il commanda, en tant que lieutenant g\u00e9n\u00e9ral, les huit r\u00e9giments d\u2019infanterie et de cavalerie que le roi fit venir de Bavi\u00e8re en janvier 1743 puis il fut nomm\u00e9 ministre pl\u00e9nipotentiaire du roi aupr\u00e8s de l&rsquo;\u00e9lecteur de Bavi\u00e8re, \u00e9lu empereur sous le nom de Charles VII et accompagna celui-ci \u00e0 Munich, Augsbourg et Francfort. Revenu en France en 1744, il servit en qualit\u00e9 de lieutenant g\u00e9n\u00e9ral de l\u2019arm\u00e9e du prince de Conti en Provence et en Dauphin\u00e9, puis alla servir en Italie, sous le mar\u00e9chal de Maillebois, dans les ann\u00e9es 1744 et 1745, se distinguant \u00e0 Parme, Pizzighitone et Guastalla, et faisant le blocus de Mantoue. Sous le mar\u00e9chal de Saxe, il fit ensuite les campagnes de Flandre de 1746 \u00e0 1748, marqu\u00e9es par les batailles de Rocourt et de Lawfeld (<strong>o\u00f9 il fut gravement bless\u00e9<\/strong>), et par la prise de Maastricht. Il re\u00e7ut le gouvernement du Quesnoy.\n<br><br>\nCe grand militaire, qui s&rsquo;\u00e9tait illustr\u00e9 tant de fois au cours des guerres de Succession d&rsquo;Espagne puis de Pologne et d&rsquo;Autriche, re\u00e7ut le b\u00e2ton de <strong>mar\u00e9chal de France le 24 f\u00e9vrier 1757<\/strong>. Il avait pr\u00e9c\u00e9demment re\u00e7u la croix de Saint-Louis.\n\n<figure id=\"attachment_2733\" aria-describedby=\"caption-attachment-2733\" style=\"width: 225px\" class=\"wp-caption alignleft\"><a href=\"https:\/\/liturgia.o2switch.net\/lajussienne-com-sauvegarde-vieux-site\/wp-content\/uploads\/2021\/08\/Portrait-du-Marechal-de-Lautrec-attribue-a-tord-a-Hycinthe-Rigaud.png\"><img decoding=\"async\" class=\"size-medium wp-image-2733\" src=\"https:\/\/liturgia.o2switch.net\/lajussienne-com-sauvegarde-vieux-site\/wp-content\/uploads\/2021\/08\/Portrait-du-Marechal-de-Lautrec-attribue-a-tord-a-Hycinthe-Rigaud-235x300.png\" alt=\"Portrait du vicomte de Lautrec, chevalier des Ordres du roi, en mar\u00e9chal de France\" width=\"235\" height=\"300\" srcset=\"https:\/\/liturgia.o2switch.net\/lajussienne-com-sauvegarde-vieux-site\/wp-content\/uploads\/2021\/08\/Portrait-du-Marechal-de-Lautrec-attribue-a-tord-a-Hycinthe-Rigaud-235x300.png 235w, https:\/\/liturgia.o2switch.net\/lajussienne-com-sauvegarde-vieux-site\/wp-content\/uploads\/2021\/08\/Portrait-du-Marechal-de-Lautrec-attribue-a-tord-a-Hycinthe-Rigaud-600x766.png 600w, https:\/\/liturgia.o2switch.net\/lajussienne-com-sauvegarde-vieux-site\/wp-content\/uploads\/2021\/08\/Portrait-du-Marechal-de-Lautrec-attribue-a-tord-a-Hycinthe-Rigaud-768x980.png 768w, https:\/\/liturgia.o2switch.net\/lajussienne-com-sauvegarde-vieux-site\/wp-content\/uploads\/2021\/08\/Portrait-du-Marechal-de-Lautrec-attribue-a-tord-a-Hycinthe-Rigaud.png 800w\" sizes=\"(max-width: 235px) 100vw, 235px\" \/><\/a><figcaption id=\"caption-attachment-2733\" class=\"wp-caption-text\">Portrait du vicomte de Lautrec, chevalier des Ordres du roi, en mar\u00e9chal de France<\/figcaption><\/figure>\n\nLe portrait ci-contre du mar\u00e9chal de Lautrec en cuirasse devant une sc\u00e8ne de bataille est donc post\u00e9rieur \u00e0 cette date, puisqu&rsquo;il tient son b\u00e2ton de mar\u00e9chal et est rev\u00eatu du cordon bleu de l&rsquo;Ordre du Saint-Esprit. Ce tableau, <a href=\"http:\/\/www.hyacinthe-rigaud.com\/catalogue-raisonne-hyacinthe-rigaud\/portraits\/726-gelas-de-voisisn-d-ambres-daniel-francois-de\" target=\"_blank\" rel=\"noopener\">dont on connait quatre versions<\/a>, fut <strong>attribu\u00e9 \u00e0 Hyacinthe Rigaud<\/strong> (on sait que le comte de Lautrec lui avait command\u00e9 son portrait pour la somme de 600 livres, mais c&rsquo;\u00e9tait en 1742 &#8211; probablement un portrait en buste au vu du prix &#8211; ce qui ne cadre pas avec ce portrait en mar\u00e9chal de France), parfois aussi \u00e0 Jean-Marc Nattier ou \u00e0 son \u00e9l\u00e8ve Louis-Richard Dupont, ou encore <a href=\"http:\/\/www.auctionartparis.com\/ventes-aux-encheres-363\/2016-11-25-tableaux-anciens-mobilier-objets-dart-bijoux\/82198-entourage-de-louis-tocque-1696-1772\" target=\"_blank\" rel=\"noopener\">\u00e0 l&rsquo;entourage de Louis Tocqu\u00e9<\/a>.\n<br><br>\nLe mar\u00e9chal de Lautrec mourut \u00e0 Paris le 14 f\u00e9vrier 1762 \u00e0 l&rsquo;\u00e2ge de 79 ans. Son titre de baron d&rsquo;Ambres fut transmis par h\u00e9ritage \u00e0 Philippe de Noailles, qui fut guillotin\u00e9 avec sa femme \u00e0 la r\u00e9volution.\t\t\t\t\t\t<\/div>\n\t\t\t\t<\/div>\n\t\t\t\t\t<\/div>\n\t\t<\/div>\n\t\t\t\t\t<\/div>\n\t\t<\/section>\n\t\t\t\t<section class=\"elementor-section elementor-top-section elementor-element elementor-element-152d388 elementor-section-boxed elementor-section-height-default elementor-section-height-default\" data-id=\"152d388\" data-element_type=\"section\">\n\t\t\t\t\t\t<div class=\"elementor-container elementor-column-gap-default\">\n\t\t\t\t\t<div class=\"elementor-column elementor-col-100 elementor-top-column elementor-element elementor-element-c6a9375\" data-id=\"c6a9375\" data-element_type=\"column\">\n\t\t\t<div class=\"elementor-widget-wrap elementor-element-populated\">\n\t\t\t\t\t\t<div class=\"elementor-element elementor-element-b20858c elementor-widget elementor-widget-gallery\" data-id=\"b20858c\" data-element_type=\"widget\" data-settings=\"{&quot;columns&quot;:3,&quot;aspect_ratio&quot;:&quot;9:16&quot;,&quot;lazyload&quot;:&quot;yes&quot;,&quot;gallery_layout&quot;:&quot;grid&quot;,&quot;columns_tablet&quot;:2,&quot;columns_mobile&quot;:1,&quot;gap&quot;:{&quot;unit&quot;:&quot;px&quot;,&quot;size&quot;:10,&quot;sizes&quot;:[]},&quot;gap_tablet&quot;:{&quot;unit&quot;:&quot;px&quot;,&quot;size&quot;:10,&quot;sizes&quot;:[]},&quot;gap_mobile&quot;:{&quot;unit&quot;:&quot;px&quot;,&quot;size&quot;:10,&quot;sizes&quot;:[]},&quot;link_to&quot;:&quot;file&quot;,&quot;overlay_background&quot;:&quot;yes&quot;,&quot;content_hover_animation&quot;:&quot;fade-in&quot;}\" data-widget_type=\"gallery.default\">\n\t\t\t\t<div class=\"elementor-widget-container\">\n\t\t\t\t\t<div class=\"elementor-gallery__container\">\n\t\t\t\t\t\t\t<a class=\"e-gallery-item elementor-gallery-item elementor-animated-content\" href=\"https:\/\/liturgia.o2switch.net\/lajussienne-com-sauvegarde-vieux-site\/wp-content\/uploads\/2021\/08\/Autre-portrait-du-Marechal-de-Lautrec-attribue-a-tord-a-Hycinthe-Rigaud.jpg\" data-elementor-open-lightbox=\"yes\" data-elementor-lightbox-slideshow=\"b20858c\" data-elementor-lightbox-title=\"Variante du portrait du mar\u00e9chal de Lautrec\" data-elementor-lightbox-description=\"Variante du portrait du mar\u00e9chal de Lautrec\" data-e-action-hash=\"#elementor-action%3Aaction%3Dlightbox%26settings%3DeyJpZCI6Mjc4MiwidXJsIjoiaHR0cHM6XC9cL2xpdHVyZ2lhLm8yc3dpdGNoLm5ldFwvbGFqdXNzaWVubmUtY29tLXNhdXZlZ2FyZGUtdmlldXgtc2l0ZVwvd3AtY29udGVudFwvdXBsb2Fkc1wvMjAyMVwvMDhcL0F1dHJlLXBvcnRyYWl0LWR1LU1hcmVjaGFsLWRlLUxhdXRyZWMtYXR0cmlidWUtYS10b3JkLWEtSHljaW50aGUtUmlnYXVkLmpwZyIsInNsaWRlc2hvdyI6ImIyMDg1OGMifQ%3D%3D\">\n\t\t\t\t\t<div class=\"e-gallery-image elementor-gallery-item__image\" data-thumbnail=\"https:\/\/liturgia.o2switch.net\/lajussienne-com-sauvegarde-vieux-site\/wp-content\/uploads\/2021\/08\/Autre-portrait-du-Marechal-de-Lautrec-attribue-a-tord-a-Hycinthe-Rigaud-815x1024.jpg\" data-width=\"815\" data-height=\"1024\" aria-label=\"Variante du portrait du mar\u00e9chal de Lautrec\" role=\"img\" ><\/div>\n\t\t\t\t\t\t\t\t\t\t\t<div class=\"elementor-gallery-item__overlay\"><\/div>\n\t\t\t\t\t\t\t\t\t\t\t\t\t\t<\/a>\n\t\t\t\t\t\t\t<a class=\"e-gallery-item elementor-gallery-item elementor-animated-content\" href=\"https:\/\/liturgia.o2switch.net\/lajussienne-com-sauvegarde-vieux-site\/wp-content\/uploads\/2021\/08\/Reliure-avec-plat-aux-armes-du-Marrechal-de-Lautrec.png\" data-elementor-open-lightbox=\"yes\" data-elementor-lightbox-slideshow=\"b20858c\" data-elementor-lightbox-title=\"Reliure avec plat aux armes du mar\u00e9chal de Lautrec\" data-elementor-lightbox-description=\"Reliure avec plat aux armes du mar\u00e9chal de Lautrec\" data-e-action-hash=\"#elementor-action%3Aaction%3Dlightbox%26settings%3DeyJpZCI6MjgyMiwidXJsIjoiaHR0cHM6XC9cL2xpdHVyZ2lhLm8yc3dpdGNoLm5ldFwvbGFqdXNzaWVubmUtY29tLXNhdXZlZ2FyZGUtdmlldXgtc2l0ZVwvd3AtY29udGVudFwvdXBsb2Fkc1wvMjAyMVwvMDhcL1JlbGl1cmUtYXZlYy1wbGF0LWF1eC1hcm1lcy1kdS1NYXJyZWNoYWwtZGUtTGF1dHJlYy5wbmciLCJzbGlkZXNob3ciOiJiMjA4NThjIn0%3D\">\n\t\t\t\t\t<div class=\"e-gallery-image elementor-gallery-item__image\" data-thumbnail=\"https:\/\/liturgia.o2switch.net\/lajussienne-com-sauvegarde-vieux-site\/wp-content\/uploads\/2021\/08\/Reliure-avec-plat-aux-armes-du-Marrechal-de-Lautrec.png\" data-width=\"630\" data-height=\"907\" aria-label=\"Reliure aux armes du mar\u00e9chal de Lautrec\" role=\"img\" ><\/div>\n\t\t\t\t\t\t\t\t\t\t\t<div class=\"elementor-gallery-item__overlay\"><\/div>\n\t\t\t\t\t\t\t\t\t\t\t\t\t\t<\/a>\n\t\t\t\t\t\t\t<a class=\"e-gallery-item elementor-gallery-item elementor-animated-content\" href=\"https:\/\/liturgia.o2switch.net\/lajussienne-com-sauvegarde-vieux-site\/wp-content\/uploads\/2021\/08\/Ex-libris-Marechal-de-Lautrec-09.png\" data-elementor-open-lightbox=\"yes\" data-elementor-lightbox-slideshow=\"b20858c\" data-elementor-lightbox-title=\"Ex-libris du mar\u00e9chal de Lautrec\" data-elementor-lightbox-description=\"Ex-libris du mar\u00e9chal de Lautrec\" data-e-action-hash=\"#elementor-action%3Aaction%3Dlightbox%26settings%3DeyJpZCI6MjgyMSwidXJsIjoiaHR0cHM6XC9cL2xpdHVyZ2lhLm8yc3dpdGNoLm5ldFwvbGFqdXNzaWVubmUtY29tLXNhdXZlZ2FyZGUtdmlldXgtc2l0ZVwvd3AtY29udGVudFwvdXBsb2Fkc1wvMjAyMVwvMDhcL0V4LWxpYnJpcy1NYXJlY2hhbC1kZS1MYXV0cmVjLTA5LnBuZyIsInNsaWRlc2hvdyI6ImIyMDg1OGMifQ%3D%3D\">\n\t\t\t\t\t<div class=\"e-gallery-image elementor-gallery-item__image\" data-thumbnail=\"https:\/\/liturgia.o2switch.net\/lajussienne-com-sauvegarde-vieux-site\/wp-content\/uploads\/2021\/08\/Ex-libris-Marechal-de-Lautrec-09-660x1024.png\" data-width=\"660\" data-height=\"1024\" aria-label=\"Ex-libris du mar\u00e9chal de Lautrec\" role=\"img\" ><\/div>\n\t\t\t\t\t\t\t\t\t\t\t<div class=\"elementor-gallery-item__overlay\"><\/div>\n\t\t\t\t\t\t\t\t\t\t\t\t\t\t<\/a>\n\t\t\t\t\t<\/div>\n\t\t\t<\/div>\n\t\t\t\t<\/div>\n\t\t\t\t\t<\/div>\n\t\t<\/div>\n\t\t\t\t\t<\/div>\n\t\t<\/section>\n\t\t\t\t<section class=\"elementor-section elementor-top-section elementor-element elementor-element-d50df65 elementor-section-boxed elementor-section-height-default elementor-section-height-default\" data-id=\"d50df65\" data-element_type=\"section\">\n\t\t\t\t\t\t<div class=\"elementor-container elementor-column-gap-default\">\n\t\t\t\t\t<div class=\"elementor-column elementor-col-100 elementor-top-column elementor-element elementor-element-77aaf6e\" data-id=\"77aaf6e\" data-element_type=\"column\">\n\t\t\t<div class=\"elementor-widget-wrap elementor-element-populated\">\n\t\t\t\t\t\t<div class=\"elementor-element elementor-element-be6b3c3 elementor-widget elementor-widget-text-editor\" data-id=\"be6b3c3\" data-element_type=\"widget\" data-widget_type=\"text-editor.default\">\n\t\t\t\t<div class=\"elementor-widget-container\">\n\t\t\t\t\t\t\t<h3><strong>L&rsquo;ex-libris du mar\u00e9chal de Lautrec<\/strong><\/h3>\nComme le portrait pr\u00e9sent\u00e9 ci-avant, cet ex-libris armori\u00e9 date lui aussi forc\u00e9ment d&rsquo;apr\u00e8s l&rsquo;accession du vicomte de Lautrec au mar\u00e9chalat de France, il fut donc grav\u00e9 entre 1757 et sa mort survenue en 1762. Quoique son auteur n&rsquo;ait pas sign\u00e9 l&rsquo;\u0153uvre, elle t\u00e9moigne de l&rsquo;art accompli de l&rsquo;ex-libris grav\u00e9 fran\u00e7ais au milieu du XVIII<sup>\u00e8me<\/sup> si\u00e8cle. Nous avons retravaill\u00e9 num\u00e9riquement quelque peu l&rsquo;image issue d&rsquo;un tirage sur plaque de cuivre.\n\n<figure id=\"attachment_2729\" aria-describedby=\"caption-attachment-2729\" style=\"width: 230px\" class=\"wp-caption alignright\"><a href=\"https:\/\/liturgia.o2switch.net\/lajussienne-com-sauvegarde-vieux-site\/wp-content\/uploads\/2021\/08\/Ex-libris-Marechal-de-Lautrec.png\"><img loading=\"lazy\" decoding=\"async\" class=\"size-medium wp-image-2729\" src=\"https:\/\/liturgia.o2switch.net\/lajussienne-com-sauvegarde-vieux-site\/wp-content\/uploads\/2021\/08\/Ex-libris-Marechal-de-Lautrec-240x300.png\" alt=\"Ex-libris aux armes du mar\u00e9chal de Lautrec\" width=\"240\" height=\"300\" srcset=\"https:\/\/liturgia.o2switch.net\/lajussienne-com-sauvegarde-vieux-site\/wp-content\/uploads\/2021\/08\/Ex-libris-Marechal-de-Lautrec-240x300.png 240w, https:\/\/liturgia.o2switch.net\/lajussienne-com-sauvegarde-vieux-site\/wp-content\/uploads\/2021\/08\/Ex-libris-Marechal-de-Lautrec-600x750.png 600w, https:\/\/liturgia.o2switch.net\/lajussienne-com-sauvegarde-vieux-site\/wp-content\/uploads\/2021\/08\/Ex-libris-Marechal-de-Lautrec-819x1024.png 819w, https:\/\/liturgia.o2switch.net\/lajussienne-com-sauvegarde-vieux-site\/wp-content\/uploads\/2021\/08\/Ex-libris-Marechal-de-Lautrec-768x960.png 768w, https:\/\/liturgia.o2switch.net\/lajussienne-com-sauvegarde-vieux-site\/wp-content\/uploads\/2021\/08\/Ex-libris-Marechal-de-Lautrec-1229x1536.png 1229w, https:\/\/liturgia.o2switch.net\/lajussienne-com-sauvegarde-vieux-site\/wp-content\/uploads\/2021\/08\/Ex-libris-Marechal-de-Lautrec.png 1426w\" sizes=\"(max-width: 240px) 100vw, 240px\" \/><\/a><figcaption id=\"caption-attachment-2729\" class=\"wp-caption-text\">Ex-libris aux armes du mar\u00e9chal de Lautrec<\/figcaption><\/figure>\n\nLe blason comprend un \u00e9cartel\u00e9 exaltant les plus brillantes alliances de la famille de G\u00e9las, elle-m\u00eame d&rsquo;extraction relativement plus modeste :\n<ul>\n \t<li>au 1 : pal\u00e9 d&rsquo;or et de gueules (qui est <strong>Amboise<\/strong> &#8211; le mar\u00e9chal de Lautrec descend en effet de cette illustre famille chevaleresque par son arri\u00e8re arri\u00e8re grand-m\u00e8re Anne d&rsquo;Amboise (1737 \u2020 1568), \u00e9pouse de Fran\u00e7ois de Voisins (1520 \u2020 1576)),<\/li>\n \t<li>au 2 : de gueules \u00e0 la croix vid\u00e9e, cl\u00e9ch\u00e9e et pommet\u00e9e d&rsquo;or de 12 pi\u00e8ces (qui est <strong>Toulouse<\/strong> &#8211; la th\u00e8se qui pr\u00e9vaut au XVIII<sup>\u00e8me<\/sup> si\u00e8cle pense en effet que la seconde maison de Lautrec est issue de l&rsquo;union de Baudoin de Toulouse et d&rsquo;Alix de Lautrec \u00e0 la fin du XII<sup>\u00e8me<\/sup> si\u00e8cle),<\/li>\n \t<li>au 3 : d&rsquo;argent \u00e0 trois fus\u00e9es accol\u00e9es de gueules (qui est <strong>Voisins<\/strong> &#8211; le mar\u00e9chal de Lautrec descend de cette famille d&rsquo;extraction chevaleresque du Languedoc par son arri\u00e8re grand-m\u00e8re Ambroise de Voisins (c. 1568 \u2020 1588), fille de Fran\u00e7ois de Voisins (1520 \u2020 1576) et d&rsquo;Anne d&rsquo;Amboise, \u00e9pouse de Lizander de G\u00e9las (\u2020 1627) ; c&rsquo;est par la famille de Voisins que la famille de G\u00e9las h\u00e9rite de la baronnie d&rsquo;Ambres et surtout de la vicomt\u00e9 de Lautrec)<\/li>\n \t<li>au 4 : de gueules au lion d&rsquo;or arm\u00e9 et lampass\u00e9 et couronn\u00e9 de gueules (qui est <strong>Lautrec<\/strong> &#8211; l&rsquo;illustre maison de Lautrec remonte \u00e0 Sicard I<sup>er<\/sup> de Lautrec (910 \u2020 972), premier vicomte de Lautrec, sans doute un fr\u00e8re d&rsquo;Aton I<sup>er<\/sup>, membre souche de la puissante famille de Trencavel. Brunisende de Lautrec, fille du vicomte Almaric IV de Lautrec et derni\u00e8re de sa famille, vicomtesse de Lautrec de 1383 \u00e0 1418, transmet par h\u00e9ritage son vicomt\u00e9 \u00e0 Jean II de Voisins. Il \u00e9choira donc par la suite, comme on l&rsquo;a vu, \u00e0 la famille de G\u00e9las qui s&rsquo;attachera \u00e0 r\u00e9unir les diverses parties de la vicomt\u00e9 qui avaient \u00e9t\u00e9 d\u00e9membr\u00e9e, r\u00e9ussissant \u00e0 d\u00e9tenir les trois quarts du territoire de l&rsquo;ancien fief m\u00e9di\u00e9val).<\/li>\n<\/ul>\nSur le tout : d&rsquo;azur au lion d&rsquo;or, arm\u00e9, lampass\u00e9 [et couronn\u00e9 &#8211; oubli\u00e9 par le graveur] de gueules (qui est <strong>G\u00e9las<\/strong> &#8211; la famille de G\u00e9las \u00e0 laquelle appartient le mar\u00e9chal de Lautrec, remonte sa filiation \u00e0 noble Pierre de G\u00e9las, seigneur de Lebreton, mort avant 1507 &#8211; son extraction est moins ancienne que les Voisins dont elle a relev\u00e9 le nom).\n<br><br>\nLe blason du mar\u00e9chal de Lautrec est entour\u00e9 du <strong>collier de l&rsquo;Ordre du Saint-Esprit<\/strong>, qui alterne des fleur de lys enflamm\u00e9es (le feu du Saint Esprit), des H couronn\u00e9s de trois couronnes (souvenir de son institution en 1578 par le roi Henri III, dont la devise \u00e9tait : \u00ab\u00a0trois couronnes pour un roi\u00a0\u00bb : la couronne de France, la couronne de Pologne, et celle esp\u00e9r\u00e9e au ciel) et des troph\u00e9es militaires. L&rsquo;ordre de Saint-Michel, que recevait automatiquement chaque chevalier de l&rsquo;ordre du Saint-Esprit, a \u00e9t\u00e9 figur\u00e9 par l&rsquo;artiste par sa m\u00e9daille au-dessus de la croix du Saint-Esprit.\n<br><br>\nL&rsquo;\u00e9cu est plac\u00e9 sur deux <strong>b\u00e2tons de mar\u00e9chaux<\/strong> pos\u00e9s en sautoir, comme il est coutume pour les mar\u00e9chaux de France.\n<br><br>\nOn notera que l&rsquo;\u00e9cu est timbr\u00e9 d&rsquo;une <strong>couronne de duc<\/strong>, sans s&rsquo;\u00e9tonner outre mesure. Cette \u00ab\u00a0inflation h\u00e9raldique\u00a0\u00bb &#8211; sans qu&rsquo;il ne faille pr\u00e9juger d&rsquo;un d\u00e9sir de titre ducal qui n&rsquo;aurait jamais abouti &#8211; est courante au XVIII<sup>\u00e8me<\/sup> si\u00e8cle : par exemple, le comte de Tressan ainsi que la comtesse du Barry timbrent de m\u00eame leurs blasons d&rsquo;une couronne ducale.\n<br><br>\nCet ex-libris &#8211; plut\u00f4t spectaculaire &#8211; du mar\u00e9chal de Lautrec fait partie des blasons que nous donnons \u00e0 travailler au cours des ateliers d&rsquo;h\u00e9raldique qui sont r\u00e9guli\u00e8rement propos\u00e9s <strong><a href=\"https:\/\/mydomos.com\/tour\/jussienne\" target=\"_blank\" rel=\"noopener\">lors des visites priv\u00e9es de l&rsquo;h\u00f4tel du Barry \/ la Jussienne, en collaboration avec MyDomos<\/a><\/strong>.\n<br><br>\nVoici quelques exemples de mises en couleur r\u00e9alis\u00e9es par deux participants plut\u00f4t dou\u00e9s !\t\t\t\t\t\t<\/div>\n\t\t\t\t<\/div>\n\t\t\t\t\t<\/div>\n\t\t<\/div>\n\t\t\t\t\t<\/div>\n\t\t<\/section>\n\t\t\t\t<section class=\"elementor-section elementor-top-section elementor-element elementor-element-23f390c elementor-section-boxed elementor-section-height-default elementor-section-height-default\" data-id=\"23f390c\" data-element_type=\"section\">\n\t\t\t\t\t\t<div class=\"elementor-container elementor-column-gap-default\">\n\t\t\t\t\t<div class=\"elementor-column elementor-col-100 elementor-top-column elementor-element elementor-element-554d430\" data-id=\"554d430\" data-element_type=\"column\">\n\t\t\t<div class=\"elementor-widget-wrap elementor-element-populated\">\n\t\t\t\t\t\t<div class=\"elementor-element elementor-element-ac6b61b elementor-widget elementor-widget-gallery\" data-id=\"ac6b61b\" data-element_type=\"widget\" data-settings=\"{&quot;aspect_ratio&quot;:&quot;9:16&quot;,&quot;lazyload&quot;:&quot;yes&quot;,&quot;gallery_layout&quot;:&quot;grid&quot;,&quot;columns&quot;:4,&quot;columns_tablet&quot;:2,&quot;columns_mobile&quot;:1,&quot;gap&quot;:{&quot;unit&quot;:&quot;px&quot;,&quot;size&quot;:10,&quot;sizes&quot;:[]},&quot;gap_tablet&quot;:{&quot;unit&quot;:&quot;px&quot;,&quot;size&quot;:10,&quot;sizes&quot;:[]},&quot;gap_mobile&quot;:{&quot;unit&quot;:&quot;px&quot;,&quot;size&quot;:10,&quot;sizes&quot;:[]},&quot;link_to&quot;:&quot;file&quot;,&quot;overlay_background&quot;:&quot;yes&quot;,&quot;content_hover_animation&quot;:&quot;fade-in&quot;}\" data-widget_type=\"gallery.default\">\n\t\t\t\t<div class=\"elementor-widget-container\">\n\t\t\t\t\t<div class=\"elementor-gallery__container\">\n\t\t\t\t\t\t\t<a class=\"e-gallery-item elementor-gallery-item elementor-animated-content\" href=\"https:\/\/liturgia.o2switch.net\/lajussienne-com-sauvegarde-vieux-site\/wp-content\/uploads\/2021\/08\/Ex-libris-Marechal-de-Lautrec-06.jpg\" data-elementor-open-lightbox=\"yes\" data-elementor-lightbox-slideshow=\"ac6b61b\" data-elementor-lightbox-title=\"Ex-libris du mar\u00e9chal de Lautrec\" data-elementor-lightbox-description=\"Ex-libris du mar\u00e9chal de Lautrec\" data-e-action-hash=\"#elementor-action%3Aaction%3Dlightbox%26settings%3DeyJpZCI6Mjc1MSwidXJsIjoiaHR0cHM6XC9cL2xpdHVyZ2lhLm8yc3dpdGNoLm5ldFwvbGFqdXNzaWVubmUtY29tLXNhdXZlZ2FyZGUtdmlldXgtc2l0ZVwvd3AtY29udGVudFwvdXBsb2Fkc1wvMjAyMVwvMDhcL0V4LWxpYnJpcy1NYXJlY2hhbC1kZS1MYXV0cmVjLTA2LmpwZyIsInNsaWRlc2hvdyI6ImFjNmI2MWIifQ%3D%3D\">\n\t\t\t\t\t<div class=\"e-gallery-image elementor-gallery-item__image\" data-thumbnail=\"https:\/\/liturgia.o2switch.net\/lajussienne-com-sauvegarde-vieux-site\/wp-content\/uploads\/2021\/08\/Ex-libris-Marechal-de-Lautrec-06-225x300.jpg\" data-width=\"225\" data-height=\"300\" aria-label=\"Ex-libris du mar\u00e9chal de Lautrec\" role=\"img\" ><\/div>\n\t\t\t\t\t\t\t\t\t\t\t<div class=\"elementor-gallery-item__overlay\"><\/div>\n\t\t\t\t\t\t\t\t\t\t\t\t\t\t<\/a>\n\t\t\t\t\t\t\t<a class=\"e-gallery-item elementor-gallery-item elementor-animated-content\" href=\"https:\/\/liturgia.o2switch.net\/lajussienne-com-sauvegarde-vieux-site\/wp-content\/uploads\/2021\/08\/Ex-libris-Marechal-de-Lautrec-04.jpg\" data-elementor-open-lightbox=\"yes\" data-elementor-lightbox-slideshow=\"ac6b61b\" data-elementor-lightbox-title=\"Ex-libris du mar\u00e9chal de Lautrec\" data-elementor-lightbox-description=\"Ex-libris du mar\u00e9chal de Lautrec\" data-e-action-hash=\"#elementor-action%3Aaction%3Dlightbox%26settings%3DeyJpZCI6Mjc0OSwidXJsIjoiaHR0cHM6XC9cL2xpdHVyZ2lhLm8yc3dpdGNoLm5ldFwvbGFqdXNzaWVubmUtY29tLXNhdXZlZ2FyZGUtdmlldXgtc2l0ZVwvd3AtY29udGVudFwvdXBsb2Fkc1wvMjAyMVwvMDhcL0V4LWxpYnJpcy1NYXJlY2hhbC1kZS1MYXV0cmVjLTA0LmpwZyIsInNsaWRlc2hvdyI6ImFjNmI2MWIifQ%3D%3D\">\n\t\t\t\t\t<div class=\"e-gallery-image elementor-gallery-item__image\" data-thumbnail=\"https:\/\/liturgia.o2switch.net\/lajussienne-com-sauvegarde-vieux-site\/wp-content\/uploads\/2021\/08\/Ex-libris-Marechal-de-Lautrec-04-240x300.jpg\" data-width=\"240\" data-height=\"300\" aria-label=\"Ex-libris du mar\u00e9chal de Lautrec\" role=\"img\" ><\/div>\n\t\t\t\t\t\t\t\t\t\t\t<div class=\"elementor-gallery-item__overlay\"><\/div>\n\t\t\t\t\t\t\t\t\t\t\t\t\t\t<\/a>\n\t\t\t\t\t\t\t<a class=\"e-gallery-item elementor-gallery-item elementor-animated-content\" href=\"https:\/\/liturgia.o2switch.net\/lajussienne-com-sauvegarde-vieux-site\/wp-content\/uploads\/2021\/08\/Ex-libris-Marechal-de-Lautrec-07.jpg\" data-elementor-open-lightbox=\"yes\" data-elementor-lightbox-slideshow=\"ac6b61b\" data-elementor-lightbox-title=\"Ex-libris du mar\u00e9chal de Lautrec\" data-elementor-lightbox-description=\"Ex-libris du mar\u00e9chal de Lautrec\" data-e-action-hash=\"#elementor-action%3Aaction%3Dlightbox%26settings%3DeyJpZCI6Mjc1MiwidXJsIjoiaHR0cHM6XC9cL2xpdHVyZ2lhLm8yc3dpdGNoLm5ldFwvbGFqdXNzaWVubmUtY29tLXNhdXZlZ2FyZGUtdmlldXgtc2l0ZVwvd3AtY29udGVudFwvdXBsb2Fkc1wvMjAyMVwvMDhcL0V4LWxpYnJpcy1NYXJlY2hhbC1kZS1MYXV0cmVjLTA3LmpwZyIsInNsaWRlc2hvdyI6ImFjNmI2MWIifQ%3D%3D\">\n\t\t\t\t\t<div class=\"e-gallery-image elementor-gallery-item__image\" data-thumbnail=\"https:\/\/liturgia.o2switch.net\/lajussienne-com-sauvegarde-vieux-site\/wp-content\/uploads\/2021\/08\/Ex-libris-Marechal-de-Lautrec-07-231x300.jpg\" data-width=\"231\" data-height=\"300\" aria-label=\"Ex-libris du mar\u00e9chal de Lautrec\" role=\"img\" ><\/div>\n\t\t\t\t\t\t\t\t\t\t\t<div class=\"elementor-gallery-item__overlay\"><\/div>\n\t\t\t\t\t\t\t\t\t\t\t\t\t\t<\/a>\n\t\t\t\t\t\t\t<a class=\"e-gallery-item elementor-gallery-item elementor-animated-content\" href=\"https:\/\/liturgia.o2switch.net\/lajussienne-com-sauvegarde-vieux-site\/wp-content\/uploads\/2021\/08\/Ex-libris-Marechal-de-Lautrec-05.jpg\" data-elementor-open-lightbox=\"yes\" data-elementor-lightbox-slideshow=\"ac6b61b\" data-elementor-lightbox-title=\"Ex-libris du mar\u00e9chal de Lautrec\" data-elementor-lightbox-description=\"Ex-libris du mar\u00e9chal de Lautrec\" data-e-action-hash=\"#elementor-action%3Aaction%3Dlightbox%26settings%3DeyJpZCI6Mjc1MCwidXJsIjoiaHR0cHM6XC9cL2xpdHVyZ2lhLm8yc3dpdGNoLm5ldFwvbGFqdXNzaWVubmUtY29tLXNhdXZlZ2FyZGUtdmlldXgtc2l0ZVwvd3AtY29udGVudFwvdXBsb2Fkc1wvMjAyMVwvMDhcL0V4LWxpYnJpcy1NYXJlY2hhbC1kZS1MYXV0cmVjLTA1LmpwZyIsInNsaWRlc2hvdyI6ImFjNmI2MWIifQ%3D%3D\">\n\t\t\t\t\t<div class=\"e-gallery-image elementor-gallery-item__image\" data-thumbnail=\"https:\/\/liturgia.o2switch.net\/lajussienne-com-sauvegarde-vieux-site\/wp-content\/uploads\/2021\/08\/Ex-libris-Marechal-de-Lautrec-05-240x300.jpg\" data-width=\"240\" data-height=\"300\" aria-label=\"Ex-libris du mar\u00e9chal de Lautrec\" role=\"img\" ><\/div>\n\t\t\t\t\t\t\t\t\t\t\t<div class=\"elementor-gallery-item__overlay\"><\/div>\n\t\t\t\t\t\t\t\t\t\t\t\t\t\t<\/a>\n\t\t\t\t\t\t\t<a class=\"e-gallery-item elementor-gallery-item elementor-animated-content\" href=\"https:\/\/liturgia.o2switch.net\/lajussienne-com-sauvegarde-vieux-site\/wp-content\/uploads\/2021\/08\/Ex-libris-Marechal-de-Lautrec-01.jpg\" data-elementor-open-lightbox=\"yes\" data-elementor-lightbox-slideshow=\"ac6b61b\" data-elementor-lightbox-title=\"Ex-libris du mar\u00e9chal de Lautrec\" data-elementor-lightbox-description=\"Ex-libris du mar\u00e9chal de Lautrec\" data-e-action-hash=\"#elementor-action%3Aaction%3Dlightbox%26settings%3DeyJpZCI6Mjc0NiwidXJsIjoiaHR0cHM6XC9cL2xpdHVyZ2lhLm8yc3dpdGNoLm5ldFwvbGFqdXNzaWVubmUtY29tLXNhdXZlZ2FyZGUtdmlldXgtc2l0ZVwvd3AtY29udGVudFwvdXBsb2Fkc1wvMjAyMVwvMDhcL0V4LWxpYnJpcy1NYXJlY2hhbC1kZS1MYXV0cmVjLTAxLmpwZyIsInNsaWRlc2hvdyI6ImFjNmI2MWIifQ%3D%3D\">\n\t\t\t\t\t<div class=\"e-gallery-image elementor-gallery-item__image\" data-thumbnail=\"https:\/\/liturgia.o2switch.net\/lajussienne-com-sauvegarde-vieux-site\/wp-content\/uploads\/2021\/08\/Ex-libris-Marechal-de-Lautrec-01-240x300.jpg\" data-width=\"240\" data-height=\"300\" aria-label=\"Ex-libris du mar\u00e9chal de Lautrec\" role=\"img\" ><\/div>\n\t\t\t\t\t\t\t\t\t\t\t<div class=\"elementor-gallery-item__overlay\"><\/div>\n\t\t\t\t\t\t\t\t\t\t\t\t\t\t<\/a>\n\t\t\t\t\t\t\t<a class=\"e-gallery-item elementor-gallery-item elementor-animated-content\" href=\"https:\/\/liturgia.o2switch.net\/lajussienne-com-sauvegarde-vieux-site\/wp-content\/uploads\/2021\/08\/Ex-libris-Marechal-de-Lautrec-03.jpg\" data-elementor-open-lightbox=\"yes\" data-elementor-lightbox-slideshow=\"ac6b61b\" data-elementor-lightbox-title=\"Ex-libris du mar\u00e9chal de Lautrec\" data-elementor-lightbox-description=\"Ex-libris du mar\u00e9chal de Lautrec\" data-e-action-hash=\"#elementor-action%3Aaction%3Dlightbox%26settings%3DeyJpZCI6Mjc0OCwidXJsIjoiaHR0cHM6XC9cL2xpdHVyZ2lhLm8yc3dpdGNoLm5ldFwvbGFqdXNzaWVubmUtY29tLXNhdXZlZ2FyZGUtdmlldXgtc2l0ZVwvd3AtY29udGVudFwvdXBsb2Fkc1wvMjAyMVwvMDhcL0V4LWxpYnJpcy1NYXJlY2hhbC1kZS1MYXV0cmVjLTAzLmpwZyIsInNsaWRlc2hvdyI6ImFjNmI2MWIifQ%3D%3D\">\n\t\t\t\t\t<div class=\"e-gallery-image elementor-gallery-item__image\" data-thumbnail=\"https:\/\/liturgia.o2switch.net\/lajussienne-com-sauvegarde-vieux-site\/wp-content\/uploads\/2021\/08\/Ex-libris-Marechal-de-Lautrec-03-240x300.jpg\" data-width=\"240\" data-height=\"300\" aria-label=\"Ex-libris du mar\u00e9chal de Lautrec\" role=\"img\" ><\/div>\n\t\t\t\t\t\t\t\t\t\t\t<div class=\"elementor-gallery-item__overlay\"><\/div>\n\t\t\t\t\t\t\t\t\t\t\t\t\t\t<\/a>\n\t\t\t\t\t\t\t<a class=\"e-gallery-item elementor-gallery-item elementor-animated-content\" href=\"https:\/\/liturgia.o2switch.net\/lajussienne-com-sauvegarde-vieux-site\/wp-content\/uploads\/2021\/08\/Ex-libris-Marechal-de-Lautrec-08.jpg\" data-elementor-open-lightbox=\"yes\" data-elementor-lightbox-slideshow=\"ac6b61b\" data-elementor-lightbox-title=\"Ex-libris du mar\u00e9chal de Lautrec\" data-e-action-hash=\"#elementor-action%3Aaction%3Dlightbox%26settings%3DeyJpZCI6Mjc1MywidXJsIjoiaHR0cHM6XC9cL2xpdHVyZ2lhLm8yc3dpdGNoLm5ldFwvbGFqdXNzaWVubmUtY29tLXNhdXZlZ2FyZGUtdmlldXgtc2l0ZVwvd3AtY29udGVudFwvdXBsb2Fkc1wvMjAyMVwvMDhcL0V4LWxpYnJpcy1NYXJlY2hhbC1kZS1MYXV0cmVjLTA4LmpwZyIsInNsaWRlc2hvdyI6ImFjNmI2MWIifQ%3D%3D\">\n\t\t\t\t\t<div class=\"e-gallery-image elementor-gallery-item__image\" data-thumbnail=\"https:\/\/liturgia.o2switch.net\/lajussienne-com-sauvegarde-vieux-site\/wp-content\/uploads\/2021\/08\/Ex-libris-Marechal-de-Lautrec-08-225x300.jpg\" data-width=\"225\" data-height=\"300\" aria-label=\"Ex-libris du mar\u00e9chal de Lautrec\" role=\"img\" ><\/div>\n\t\t\t\t\t\t\t\t\t\t\t<div class=\"elementor-gallery-item__overlay\"><\/div>\n\t\t\t\t\t\t\t\t\t\t\t\t\t\t<\/a>\n\t\t\t\t\t\t\t<a class=\"e-gallery-item elementor-gallery-item elementor-animated-content\" href=\"https:\/\/liturgia.o2switch.net\/lajussienne-com-sauvegarde-vieux-site\/wp-content\/uploads\/2021\/08\/Ex-libris-Marechal-de-Lautrec-02.jpg\" data-elementor-open-lightbox=\"yes\" data-elementor-lightbox-slideshow=\"ac6b61b\" data-elementor-lightbox-title=\"Ex-libris du mar\u00e9chal de Lautrec\" data-elementor-lightbox-description=\"Ex-libris du mar\u00e9chal de Lautrec\" data-e-action-hash=\"#elementor-action%3Aaction%3Dlightbox%26settings%3DeyJpZCI6Mjc0NywidXJsIjoiaHR0cHM6XC9cL2xpdHVyZ2lhLm8yc3dpdGNoLm5ldFwvbGFqdXNzaWVubmUtY29tLXNhdXZlZ2FyZGUtdmlldXgtc2l0ZVwvd3AtY29udGVudFwvdXBsb2Fkc1wvMjAyMVwvMDhcL0V4LWxpYnJpcy1NYXJlY2hhbC1kZS1MYXV0cmVjLTAyLmpwZyIsInNsaWRlc2hvdyI6ImFjNmI2MWIifQ%3D%3D\">\n\t\t\t\t\t<div class=\"e-gallery-image elementor-gallery-item__image\" data-thumbnail=\"https:\/\/liturgia.o2switch.net\/lajussienne-com-sauvegarde-vieux-site\/wp-content\/uploads\/2021\/08\/Ex-libris-Marechal-de-Lautrec-02-240x300.jpg\" data-width=\"240\" data-height=\"300\" aria-label=\"Ex-libris du mar\u00e9chal de Lautrec\" role=\"img\" ><\/div>\n\t\t\t\t\t\t\t\t\t\t\t<div class=\"elementor-gallery-item__overlay\"><\/div>\n\t\t\t\t\t\t\t\t\t\t\t\t\t\t<\/a>\n\t\t\t\t\t<\/div>\n\t\t\t<\/div>\n\t\t\t\t<\/div>\n\t\t\t\t\t<\/div>\n\t\t<\/div>\n\t\t\t\t\t<\/div>\n\t\t<\/section>\n\t\t\t\t<\/div>\n\t\t","protected":false},"excerpt":{"rendered":"<p>Daniel Fran\u00e7ois de G\u00e9las de Voisins d&rsquo;Ambres, mar\u00e9chal vicomte de Lautrec, baron d\u2019Ambres, seigneur de Capendu en Languedoc, de Rochette et de Lisardi\u00e8re en Anjou, fut un brillant militaire fran\u00e7ais. Il naquit \u00e0 Lavaur le 24 novembre 1682, troisi\u00e8me fils de Fran\u00e7ois de Gelas de Voisins, comte de G\u00e9las, marquis de L\u00e9beron et de Bragnac, &#8230; <a title=\"Ex-libris aux armes du mar\u00e9chal vicomte de Lautrec, chevalier des Ordres du Roi\" class=\"read-more\" href=\"https:\/\/liturgia.o2switch.net\/lajussienne-com-sauvegarde-vieux-site\/ex-libris-aux-armes-du-marechal-vicomte-de-lautrec-chevalier-des-ordres-du-roi\/\" aria-label=\"En savoir plus sur Ex-libris aux armes du mar\u00e9chal vicomte de Lautrec, chevalier des Ordres du Roi\">Lire plus<\/a><\/p>\n","protected":false},"author":1,"featured_media":2729,"comment_status":"open","ping_status":"open","sticky":false,"template":"","format":"standard","meta":{"footnotes":""},"categories":[129,128],"tags":[130],"class_list":["post-2728","post","type-post","status-publish","format-standard","has-post-thumbnail","hentry","category-ex-libris","category-heraldique","tag-ex-libris-de-personnages-celebres","infinite-scroll-item"],"yoast_head":"<!-- This site is optimized with the Yoast SEO plugin v24.6 - https:\/\/yoast.com\/wordpress\/plugins\/seo\/ -->\n<title>Ex-libris aux armes du mar\u00e9chal vicomte de Lautrec, chevalier des Ordres<\/title>\n<meta name=\"description\" content=\"Spectaculaire ex-libris armori\u00e9 pr\u00e9sentant les grandes armes de Daniel Fran\u00e7ois de G\u00e9las de Voisins d&#039;Ambres, mar\u00e9chal de Lautrec.\" \/>\n<meta name=\"robots\" content=\"noindex, follow, max-snippet:-1, max-image-preview:large, max-video-preview:-1\" \/>\n<meta property=\"og:locale\" content=\"fr_FR\" \/>\n<meta property=\"og:type\" content=\"article\" \/>\n<meta property=\"og:title\" content=\"Ex-libris aux armes du mar\u00e9chal vicomte de Lautrec, chevalier des Ordres\" \/>\n<meta property=\"og:description\" content=\"Spectaculaire ex-libris armori\u00e9 pr\u00e9sentant les grandes armes de Daniel Fran\u00e7ois de G\u00e9las de Voisins d&#039;Ambres, mar\u00e9chal de Lautrec.\" \/>\n<meta property=\"og:url\" content=\"https:\/\/liturgia.o2switch.net\/lajussienne-com-sauvegarde-vieux-site\/ex-libris-aux-armes-du-marechal-vicomte-de-lautrec-chevalier-des-ordres-du-roi\/\" \/>\n<meta property=\"og:site_name\" content=\"La Jussienne\" \/>\n<meta property=\"article:published_time\" content=\"2021-08-07T14:59:00+00:00\" \/>\n<meta property=\"article:modified_time\" content=\"2021-08-10T18:34:51+00:00\" \/>\n<meta property=\"og:image\" content=\"https:\/\/liturgia.o2switch.net\/lajussienne-com-sauvegarde-vieux-site\/wp-content\/uploads\/2021\/08\/Ex-libris-Marechal-de-Lautrec.png\" \/>\n\t<meta property=\"og:image:width\" content=\"1426\" \/>\n\t<meta property=\"og:image:height\" content=\"1782\" \/>\n\t<meta property=\"og:image:type\" content=\"image\/png\" \/>\n<meta name=\"author\" content=\"lajussienne.com\" \/>\n<meta name=\"twitter:card\" content=\"summary_large_image\" \/>\n<meta name=\"twitter:label1\" content=\"\u00c9crit par\" \/>\n\t<meta name=\"twitter:data1\" content=\"lajussienne.com\" \/>\n\t<meta name=\"twitter:label2\" content=\"Dur\u00e9e de lecture estim\u00e9e\" \/>\n\t<meta name=\"twitter:data2\" content=\"9 minutes\" \/>\n<script type=\"application\/ld+json\" class=\"yoast-schema-graph\">{\"@context\":\"https:\/\/schema.org\",\"@graph\":[{\"@type\":\"WebPage\",\"@id\":\"https:\/\/liturgia.o2switch.net\/lajussienne-com-sauvegarde-vieux-site\/ex-libris-aux-armes-du-marechal-vicomte-de-lautrec-chevalier-des-ordres-du-roi\/\",\"url\":\"https:\/\/liturgia.o2switch.net\/lajussienne-com-sauvegarde-vieux-site\/ex-libris-aux-armes-du-marechal-vicomte-de-lautrec-chevalier-des-ordres-du-roi\/\",\"name\":\"Ex-libris aux armes du mar\u00e9chal vicomte de Lautrec, chevalier des Ordres\",\"isPartOf\":{\"@id\":\"https:\/\/liturgia.o2switch.net\/lajussienne-com-sauvegarde-vieux-site\/#website\"},\"primaryImageOfPage\":{\"@id\":\"https:\/\/liturgia.o2switch.net\/lajussienne-com-sauvegarde-vieux-site\/ex-libris-aux-armes-du-marechal-vicomte-de-lautrec-chevalier-des-ordres-du-roi\/#primaryimage\"},\"image\":{\"@id\":\"https:\/\/liturgia.o2switch.net\/lajussienne-com-sauvegarde-vieux-site\/ex-libris-aux-armes-du-marechal-vicomte-de-lautrec-chevalier-des-ordres-du-roi\/#primaryimage\"},\"thumbnailUrl\":\"https:\/\/liturgia.o2switch.net\/lajussienne-com-sauvegarde-vieux-site\/wp-content\/uploads\/2021\/08\/Ex-libris-Marechal-de-Lautrec.png\",\"datePublished\":\"2021-08-07T14:59:00+00:00\",\"dateModified\":\"2021-08-10T18:34:51+00:00\",\"author\":{\"@id\":\"https:\/\/liturgia.o2switch.net\/lajussienne-com-sauvegarde-vieux-site\/#\/schema\/person\/6fdaf214713f603eeef05160392b6a44\"},\"description\":\"Spectaculaire ex-libris armori\u00e9 pr\u00e9sentant les grandes armes de Daniel Fran\u00e7ois de G\u00e9las de Voisins d'Ambres, mar\u00e9chal de Lautrec.\",\"breadcrumb\":{\"@id\":\"https:\/\/liturgia.o2switch.net\/lajussienne-com-sauvegarde-vieux-site\/ex-libris-aux-armes-du-marechal-vicomte-de-lautrec-chevalier-des-ordres-du-roi\/#breadcrumb\"},\"inLanguage\":\"fr-FR\",\"potentialAction\":[{\"@type\":\"ReadAction\",\"target\":[\"https:\/\/liturgia.o2switch.net\/lajussienne-com-sauvegarde-vieux-site\/ex-libris-aux-armes-du-marechal-vicomte-de-lautrec-chevalier-des-ordres-du-roi\/\"]}]},{\"@type\":\"ImageObject\",\"inLanguage\":\"fr-FR\",\"@id\":\"https:\/\/liturgia.o2switch.net\/lajussienne-com-sauvegarde-vieux-site\/ex-libris-aux-armes-du-marechal-vicomte-de-lautrec-chevalier-des-ordres-du-roi\/#primaryimage\",\"url\":\"https:\/\/liturgia.o2switch.net\/lajussienne-com-sauvegarde-vieux-site\/wp-content\/uploads\/2021\/08\/Ex-libris-Marechal-de-Lautrec.png\",\"contentUrl\":\"https:\/\/liturgia.o2switch.net\/lajussienne-com-sauvegarde-vieux-site\/wp-content\/uploads\/2021\/08\/Ex-libris-Marechal-de-Lautrec.png\",\"width\":1426,\"height\":1782,\"caption\":\"Ex-libris aux armes du mar\u00e9chal de Lautrec\"},{\"@type\":\"BreadcrumbList\",\"@id\":\"https:\/\/liturgia.o2switch.net\/lajussienne-com-sauvegarde-vieux-site\/ex-libris-aux-armes-du-marechal-vicomte-de-lautrec-chevalier-des-ordres-du-roi\/#breadcrumb\",\"itemListElement\":[{\"@type\":\"ListItem\",\"position\":1,\"name\":\"Accueil\",\"item\":\"https:\/\/liturgia.o2switch.net\/lajussienne-com-sauvegarde-vieux-site\/\"},{\"@type\":\"ListItem\",\"position\":2,\"name\":\"Ex-libris aux armes du mar\u00e9chal vicomte de Lautrec, chevalier des Ordres du Roi\"}]},{\"@type\":\"WebSite\",\"@id\":\"https:\/\/liturgia.o2switch.net\/lajussienne-com-sauvegarde-vieux-site\/#website\",\"url\":\"https:\/\/liturgia.o2switch.net\/lajussienne-com-sauvegarde-vieux-site\/\",\"name\":\"La Jussienne\",\"description\":\"Un art de vivre \u00e0 la fran\u00e7aise\",\"potentialAction\":[{\"@type\":\"SearchAction\",\"target\":{\"@type\":\"EntryPoint\",\"urlTemplate\":\"https:\/\/liturgia.o2switch.net\/lajussienne-com-sauvegarde-vieux-site\/?s={search_term_string}\"},\"query-input\":{\"@type\":\"PropertyValueSpecification\",\"valueRequired\":true,\"valueName\":\"search_term_string\"}}],\"inLanguage\":\"fr-FR\"},{\"@type\":\"Person\",\"@id\":\"https:\/\/liturgia.o2switch.net\/lajussienne-com-sauvegarde-vieux-site\/#\/schema\/person\/6fdaf214713f603eeef05160392b6a44\",\"name\":\"lajussienne.com\",\"image\":{\"@type\":\"ImageObject\",\"inLanguage\":\"fr-FR\",\"@id\":\"https:\/\/liturgia.o2switch.net\/lajussienne-com-sauvegarde-vieux-site\/#\/schema\/person\/image\/\",\"url\":\"https:\/\/secure.gravatar.com\/avatar\/bbdb98a9d4e59f4958ef4e9eb3507a5932a1930fab082c6cc69a4ded7a3e5b38?s=96&d=mm&r=g\",\"contentUrl\":\"https:\/\/secure.gravatar.com\/avatar\/bbdb98a9d4e59f4958ef4e9eb3507a5932a1930fab082c6cc69a4ded7a3e5b38?s=96&d=mm&r=g\",\"caption\":\"lajussienne.com\"},\"url\":\"https:\/\/liturgia.o2switch.net\/lajussienne-com-sauvegarde-vieux-site\/author\/liturgia\/\"}]}<\/script>\n<!-- \/ Yoast SEO plugin. -->","yoast_head_json":{"title":"Ex-libris aux armes du mar\u00e9chal vicomte de Lautrec, chevalier des Ordres","description":"Spectaculaire ex-libris armori\u00e9 pr\u00e9sentant les grandes armes de Daniel Fran\u00e7ois de G\u00e9las de Voisins d'Ambres, mar\u00e9chal de Lautrec.","robots":{"index":"noindex","follow":"follow","max-snippet":"max-snippet:-1","max-image-preview":"max-image-preview:large","max-video-preview":"max-video-preview:-1"},"og_locale":"fr_FR","og_type":"article","og_title":"Ex-libris aux armes du mar\u00e9chal vicomte de Lautrec, chevalier des Ordres","og_description":"Spectaculaire ex-libris armori\u00e9 pr\u00e9sentant les grandes armes de Daniel Fran\u00e7ois de G\u00e9las de Voisins d'Ambres, mar\u00e9chal de Lautrec.","og_url":"https:\/\/liturgia.o2switch.net\/lajussienne-com-sauvegarde-vieux-site\/ex-libris-aux-armes-du-marechal-vicomte-de-lautrec-chevalier-des-ordres-du-roi\/","og_site_name":"La Jussienne","article_published_time":"2021-08-07T14:59:00+00:00","article_modified_time":"2021-08-10T18:34:51+00:00","og_image":[{"width":1426,"height":1782,"url":"https:\/\/liturgia.o2switch.net\/lajussienne-com-sauvegarde-vieux-site\/wp-content\/uploads\/2021\/08\/Ex-libris-Marechal-de-Lautrec.png","type":"image\/png"}],"author":"lajussienne.com","twitter_card":"summary_large_image","twitter_misc":{"\u00c9crit par":"lajussienne.com","Dur\u00e9e de lecture estim\u00e9e":"9 minutes"},"schema":{"@context":"https:\/\/schema.org","@graph":[{"@type":"WebPage","@id":"https:\/\/liturgia.o2switch.net\/lajussienne-com-sauvegarde-vieux-site\/ex-libris-aux-armes-du-marechal-vicomte-de-lautrec-chevalier-des-ordres-du-roi\/","url":"https:\/\/liturgia.o2switch.net\/lajussienne-com-sauvegarde-vieux-site\/ex-libris-aux-armes-du-marechal-vicomte-de-lautrec-chevalier-des-ordres-du-roi\/","name":"Ex-libris aux armes du mar\u00e9chal vicomte de Lautrec, chevalier des Ordres","isPartOf":{"@id":"https:\/\/liturgia.o2switch.net\/lajussienne-com-sauvegarde-vieux-site\/#website"},"primaryImageOfPage":{"@id":"https:\/\/liturgia.o2switch.net\/lajussienne-com-sauvegarde-vieux-site\/ex-libris-aux-armes-du-marechal-vicomte-de-lautrec-chevalier-des-ordres-du-roi\/#primaryimage"},"image":{"@id":"https:\/\/liturgia.o2switch.net\/lajussienne-com-sauvegarde-vieux-site\/ex-libris-aux-armes-du-marechal-vicomte-de-lautrec-chevalier-des-ordres-du-roi\/#primaryimage"},"thumbnailUrl":"https:\/\/liturgia.o2switch.net\/lajussienne-com-sauvegarde-vieux-site\/wp-content\/uploads\/2021\/08\/Ex-libris-Marechal-de-Lautrec.png","datePublished":"2021-08-07T14:59:00+00:00","dateModified":"2021-08-10T18:34:51+00:00","author":{"@id":"https:\/\/liturgia.o2switch.net\/lajussienne-com-sauvegarde-vieux-site\/#\/schema\/person\/6fdaf214713f603eeef05160392b6a44"},"description":"Spectaculaire ex-libris armori\u00e9 pr\u00e9sentant les grandes armes de Daniel Fran\u00e7ois de G\u00e9las de Voisins d'Ambres, mar\u00e9chal de Lautrec.","breadcrumb":{"@id":"https:\/\/liturgia.o2switch.net\/lajussienne-com-sauvegarde-vieux-site\/ex-libris-aux-armes-du-marechal-vicomte-de-lautrec-chevalier-des-ordres-du-roi\/#breadcrumb"},"inLanguage":"fr-FR","potentialAction":[{"@type":"ReadAction","target":["https:\/\/liturgia.o2switch.net\/lajussienne-com-sauvegarde-vieux-site\/ex-libris-aux-armes-du-marechal-vicomte-de-lautrec-chevalier-des-ordres-du-roi\/"]}]},{"@type":"ImageObject","inLanguage":"fr-FR","@id":"https:\/\/liturgia.o2switch.net\/lajussienne-com-sauvegarde-vieux-site\/ex-libris-aux-armes-du-marechal-vicomte-de-lautrec-chevalier-des-ordres-du-roi\/#primaryimage","url":"https:\/\/liturgia.o2switch.net\/lajussienne-com-sauvegarde-vieux-site\/wp-content\/uploads\/2021\/08\/Ex-libris-Marechal-de-Lautrec.png","contentUrl":"https:\/\/liturgia.o2switch.net\/lajussienne-com-sauvegarde-vieux-site\/wp-content\/uploads\/2021\/08\/Ex-libris-Marechal-de-Lautrec.png","width":1426,"height":1782,"caption":"Ex-libris aux armes du mar\u00e9chal de Lautrec"},{"@type":"BreadcrumbList","@id":"https:\/\/liturgia.o2switch.net\/lajussienne-com-sauvegarde-vieux-site\/ex-libris-aux-armes-du-marechal-vicomte-de-lautrec-chevalier-des-ordres-du-roi\/#breadcrumb","itemListElement":[{"@type":"ListItem","position":1,"name":"Accueil","item":"https:\/\/liturgia.o2switch.net\/lajussienne-com-sauvegarde-vieux-site\/"},{"@type":"ListItem","position":2,"name":"Ex-libris aux armes du mar\u00e9chal vicomte de Lautrec, chevalier des Ordres du Roi"}]},{"@type":"WebSite","@id":"https:\/\/liturgia.o2switch.net\/lajussienne-com-sauvegarde-vieux-site\/#website","url":"https:\/\/liturgia.o2switch.net\/lajussienne-com-sauvegarde-vieux-site\/","name":"La Jussienne","description":"Un art de vivre \u00e0 la fran\u00e7aise","potentialAction":[{"@type":"SearchAction","target":{"@type":"EntryPoint","urlTemplate":"https:\/\/liturgia.o2switch.net\/lajussienne-com-sauvegarde-vieux-site\/?s={search_term_string}"},"query-input":{"@type":"PropertyValueSpecification","valueRequired":true,"valueName":"search_term_string"}}],"inLanguage":"fr-FR"},{"@type":"Person","@id":"https:\/\/liturgia.o2switch.net\/lajussienne-com-sauvegarde-vieux-site\/#\/schema\/person\/6fdaf214713f603eeef05160392b6a44","name":"lajussienne.com","image":{"@type":"ImageObject","inLanguage":"fr-FR","@id":"https:\/\/liturgia.o2switch.net\/lajussienne-com-sauvegarde-vieux-site\/#\/schema\/person\/image\/","url":"https:\/\/secure.gravatar.com\/avatar\/bbdb98a9d4e59f4958ef4e9eb3507a5932a1930fab082c6cc69a4ded7a3e5b38?s=96&d=mm&r=g","contentUrl":"https:\/\/secure.gravatar.com\/avatar\/bbdb98a9d4e59f4958ef4e9eb3507a5932a1930fab082c6cc69a4ded7a3e5b38?s=96&d=mm&r=g","caption":"lajussienne.com"},"url":"https:\/\/liturgia.o2switch.net\/lajussienne-com-sauvegarde-vieux-site\/author\/liturgia\/"}]}},"_links":{"self":[{"href":"https:\/\/liturgia.o2switch.net\/lajussienne-com-sauvegarde-vieux-site\/wp-json\/wp\/v2\/posts\/2728","targetHints":{"allow":["GET"]}}],"collection":[{"href":"https:\/\/liturgia.o2switch.net\/lajussienne-com-sauvegarde-vieux-site\/wp-json\/wp\/v2\/posts"}],"about":[{"href":"https:\/\/liturgia.o2switch.net\/lajussienne-com-sauvegarde-vieux-site\/wp-json\/wp\/v2\/types\/post"}],"author":[{"embeddable":true,"href":"https:\/\/liturgia.o2switch.net\/lajussienne-com-sauvegarde-vieux-site\/wp-json\/wp\/v2\/users\/1"}],"replies":[{"embeddable":true,"href":"https:\/\/liturgia.o2switch.net\/lajussienne-com-sauvegarde-vieux-site\/wp-json\/wp\/v2\/comments?post=2728"}],"version-history":[{"count":102,"href":"https:\/\/liturgia.o2switch.net\/lajussienne-com-sauvegarde-vieux-site\/wp-json\/wp\/v2\/posts\/2728\/revisions"}],"predecessor-version":[{"id":2873,"href":"https:\/\/liturgia.o2switch.net\/lajussienne-com-sauvegarde-vieux-site\/wp-json\/wp\/v2\/posts\/2728\/revisions\/2873"}],"wp:featuredmedia":[{"embeddable":true,"href":"https:\/\/liturgia.o2switch.net\/lajussienne-com-sauvegarde-vieux-site\/wp-json\/wp\/v2\/media\/2729"}],"wp:attachment":[{"href":"https:\/\/liturgia.o2switch.net\/lajussienne-com-sauvegarde-vieux-site\/wp-json\/wp\/v2\/media?parent=2728"}],"wp:term":[{"taxonomy":"category","embeddable":true,"href":"https:\/\/liturgia.o2switch.net\/lajussienne-com-sauvegarde-vieux-site\/wp-json\/wp\/v2\/categories?post=2728"},{"taxonomy":"post_tag","embeddable":true,"href":"https:\/\/liturgia.o2switch.net\/lajussienne-com-sauvegarde-vieux-site\/wp-json\/wp\/v2\/tags?post=2728"}],"curies":[{"name":"wp","href":"https:\/\/api.w.org\/{rel}","templated":true}]}}