{"id":822,"date":"2020-06-22T11:02:45","date_gmt":"2020-06-22T11:02:45","guid":{"rendered":"https:\/\/liturgia.o2switch.net\/lajussienne-com-sauvegarde-vieux-site\/?p=822"},"modified":"2021-08-07T13:47:20","modified_gmt":"2021-08-07T13:47:20","slug":"lajussienne-com-un-art-de-vivre-a-la-francaise-au-xxieme-siecle","status":"publish","type":"post","link":"https:\/\/liturgia.o2switch.net\/lajussienne-com-sauvegarde-vieux-site\/lajussienne-com-un-art-de-vivre-a-la-francaise-au-xxieme-siecle\/","title":{"rendered":"lajussienne.com, un art de vivre \u00e0 la fran\u00e7aise au XXI\u00e8me si\u00e8cle"},"content":{"rendered":"<figure id=\"attachment_824\" aria-describedby=\"caption-attachment-824\" style=\"width: 1014px\" class=\"wp-caption aligncenter\"><a href=\"https:\/\/liturgia.o2switch.net\/lajussienne-com-sauvegarde-vieux-site\/wp-content\/uploads\/2020\/06\/Arbre-genealogique-Louis-XV.png\"><img fetchpriority=\"high\" decoding=\"async\" src=\"https:\/\/liturgia.o2switch.net\/lajussienne-com-sauvegarde-vieux-site\/wp-content\/uploads\/2020\/06\/Arbre-genealogique-Louis-XV-1024x557.png\" alt=\"lajussienne.com - Arbre g\u00e9n\u00e9alogique du Dauphin Louis, fils du roi Louis XV et de la reine Marie Leszczynska, p\u00e8re du futur roi Louis XVI. Gravure de l&#039;Encyclop\u00e9die de Diderot et d&#039;Alembert\" width=\"1024\" height=\"557\" class=\"size-large wp-image-824\" srcset=\"https:\/\/liturgia.o2switch.net\/lajussienne-com-sauvegarde-vieux-site\/wp-content\/uploads\/2020\/06\/Arbre-genealogique-Louis-XV-1024x557.png 1024w, https:\/\/liturgia.o2switch.net\/lajussienne-com-sauvegarde-vieux-site\/wp-content\/uploads\/2020\/06\/Arbre-genealogique-Louis-XV-600x326.png 600w, https:\/\/liturgia.o2switch.net\/lajussienne-com-sauvegarde-vieux-site\/wp-content\/uploads\/2020\/06\/Arbre-genealogique-Louis-XV-300x163.png 300w, https:\/\/liturgia.o2switch.net\/lajussienne-com-sauvegarde-vieux-site\/wp-content\/uploads\/2020\/06\/Arbre-genealogique-Louis-XV-768x418.png 768w, https:\/\/liturgia.o2switch.net\/lajussienne-com-sauvegarde-vieux-site\/wp-content\/uploads\/2020\/06\/Arbre-genealogique-Louis-XV-1536x836.png 1536w, https:\/\/liturgia.o2switch.net\/lajussienne-com-sauvegarde-vieux-site\/wp-content\/uploads\/2020\/06\/Arbre-genealogique-Louis-XV-2048x1114.png 2048w\" sizes=\"(max-width: 1024px) 100vw, 1024px\" \/><\/a><figcaption id=\"caption-attachment-824\" class=\"wp-caption-text\">Arbre g\u00e9n\u00e9alogique du Dauphin Louis, fils du roi Louis XV et de la reine Marie Leszczynska, p\u00e8re du futur roi Louis XVI. Gravure de l&rsquo;Encyclop\u00e9die de Diderot et d&rsquo;Alembert<\/figcaption><\/figure>\n<p>Avec ce premier article et avec ce magnifique arbre g\u00e9n\u00e9alogique du Dauphin, fils de Louis XV, nous lan\u00e7ons aujourd&rsquo;hui le blog de lajussienne.com. Au fil des jours, nous allons vous y partager nos r\u00e9alisations. Celles-ci seront, nous l&rsquo;esp\u00e9rons, nombreuses et multiformes. Vous avez d\u00e9j\u00e0 bien re\u00e7u favorablement une premi\u00e8re r\u00e9alisation : nos <a href=\"https:\/\/liturgia.o2switch.net\/lajussienne-com-sauvegarde-vieux-site\/masques\/\">masques de protection en tissu &#8211; collection historiques<\/a> qui ont remport\u00e9 un franc succ\u00e8s. Nous avons commenc\u00e9 aussi la composition num\u00e9rique d&rsquo;ex-libris armori\u00e9s dans le go\u00fbt du XVII<sup>\u00e8me<\/sup> et du XVIII<sup>\u00e8me<\/sup> si\u00e8cles, quelques uns seront prochainement expos\u00e9s sur le site. D&rsquo;autres r\u00e9alisations suivront, qui, nous l&rsquo;esp\u00e9rons, continuerons d&rsquo;allier tradition et modernit\u00e9.<\/p>\n<p>Le choix que nous avons fait de cette magnifique gravure de l&rsquo;<a href=\"https:\/\/fr.wikipedia.org\/wiki\/Encyclop%C3%A9die_ou_Dictionnaire_raisonn%C3%A9_des_sciences,_des_arts_et_des_m%C3%A9tiers\" rel=\"noopener noreferrer\" target=\"_blank\">Encyclop\u00e9die de Diderot et d&rsquo;Alembert<\/a> (il s&rsquo;agit d&rsquo;une des planches accompagnant l&rsquo;article \u00ab\u00a0blason\u00a0\u00bb) pour illustrer ce premier article n&rsquo;est pas totalement anodin : l&rsquo;art traditionnel h\u00e9raldique du blason correspond \u00e0 des besoins profonds d&rsquo;identification, et nos logos modernes &#8211; s&rsquo;ils conviennent tout \u00e0 fait pour construire l&rsquo;identit\u00e9 d&rsquo;une entreprise &#8211; peinent \u00e0 \u00eatre appropriables par les particuliers ou les collectivit\u00e9s humaines. L&rsquo;art h\u00e9raldique d\u00e9clin\u00e9 sur de nouveaux supports (les <a href=\"https:\/\/liturgia.o2switch.net\/lajussienne-com-sauvegarde-vieux-site\/masques\/masques-de-famille\/\">masques<\/a> n&rsquo;en sont qu&rsquo;un premier exemple) ne peut que gagner d&rsquo;une synth\u00e8se nouvelle entre traditions et modernit\u00e9.<\/p>\n<p>Plus largement, et comme l&rsquo;y invite aussi la d\u00e9coration de nos locaux disponibles \u00e0 la location pour vos tournages et vos productions, nous allons tenter d&rsquo;illustrer sur lajussienne.com les beaut\u00e9s d&rsquo;un art de vivre \u00e0 la fran\u00e7aise au XXI<sup>\u00e8me<\/sup> si\u00e8cle, en vous proposant des services et des produits de qualit\u00e9 r\u00e9alis\u00e9s dans cet esprit.<\/p>\n<p>Suivez nous sur nos r\u00e9seaux sociaux <a href=\"https:\/\/www.facebook.com\/LaJussienne\/\" rel=\"noopener noreferrer\" target=\"_blank\">Facebook<\/a> et <a href=\"https:\/\/www.instagram.com\/lajussienne\/\" rel=\"noopener noreferrer\" target=\"_blank\">Instagram<\/a> pour ne rien louper, ou abonnez-vous \u00e0 ce blog !<\/p>\n","protected":false},"excerpt":{"rendered":"<p>Avec ce premier article et avec ce magnifique arbre g\u00e9n\u00e9alogique du Dauphin, fils de Louis XV, nous lan\u00e7ons aujourd&rsquo;hui le blog de lajussienne.com. Au fil des jours, nous allons vous y partager nos r\u00e9alisations. Celles-ci seront, nous l&rsquo;esp\u00e9rons, nombreuses et multiformes. Vous avez d\u00e9j\u00e0 bien re\u00e7u favorablement une premi\u00e8re r\u00e9alisation : nos masques de protection &#8230; <a title=\"lajussienne.com, un art de vivre \u00e0 la fran\u00e7aise au XXI\u00e8me si\u00e8cle\" class=\"read-more\" href=\"https:\/\/liturgia.o2switch.net\/lajussienne-com-sauvegarde-vieux-site\/lajussienne-com-un-art-de-vivre-a-la-francaise-au-xxieme-siecle\/\" aria-label=\"En savoir plus sur lajussienne.com, un art de vivre \u00e0 la fran\u00e7aise au XXI\u00e8me si\u00e8cle\">Lire plus<\/a><\/p>\n","protected":false},"author":1,"featured_media":824,"comment_status":"open","ping_status":"open","sticky":false,"template":"","format":"standard","meta":{"footnotes":""},"categories":[21],"tags":[22,24,23],"class_list":["post-822","post","type-post","status-publish","format-standard","has-post-thumbnail","hentry","category-art-de-vivre","tag-art-de-vivre","tag-ex-libris","tag-heraldique","infinite-scroll-item"],"yoast_head":"<!-- This site is optimized with the Yoast SEO plugin v24.6 - https:\/\/yoast.com\/wordpress\/plugins\/seo\/ -->\n<title>lajussienne.com, un art de vivre \u00e0 la fran\u00e7aise au XXI\u00e8me si\u00e8cle - Ex-libris<\/title>\n<meta name=\"description\" content=\"Lajussienne.com : notre blog qui explique notre univers et notre projet de faire vivre tradition dans les arts de vivre et modernit\u00e9 : h\u00e9raldique, ex-libris\" \/>\n<meta name=\"robots\" content=\"noindex, follow, max-snippet:-1, max-image-preview:large, max-video-preview:-1\" \/>\n<meta property=\"og:locale\" content=\"fr_FR\" \/>\n<meta property=\"og:type\" content=\"article\" \/>\n<meta property=\"og:title\" content=\"lajussienne.com, un art de vivre \u00e0 la fran\u00e7aise au XXI\u00e8me si\u00e8cle - Ex-libris\" \/>\n<meta property=\"og:description\" content=\"Lajussienne.com : notre blog qui explique notre univers et notre projet de faire vivre tradition dans les arts de vivre et modernit\u00e9 : h\u00e9raldique, ex-libris\" \/>\n<meta property=\"og:url\" content=\"https:\/\/liturgia.o2switch.net\/lajussienne-com-sauvegarde-vieux-site\/lajussienne-com-un-art-de-vivre-a-la-francaise-au-xxieme-siecle\/\" \/>\n<meta property=\"og:site_name\" content=\"La Jussienne\" \/>\n<meta property=\"article:published_time\" content=\"2020-06-22T11:02:45+00:00\" \/>\n<meta property=\"article:modified_time\" content=\"2021-08-07T13:47:20+00:00\" \/>\n<meta property=\"og:image\" content=\"https:\/\/liturgia.o2switch.net\/lajussienne-com-sauvegarde-vieux-site\/wp-content\/uploads\/2020\/06\/Arbre-genealogique-Louis-XV-1024x557.png\" \/>\n\t<meta property=\"og:image:width\" content=\"1024\" \/>\n\t<meta property=\"og:image:height\" content=\"557\" \/>\n\t<meta property=\"og:image:type\" content=\"image\/png\" \/>\n<meta name=\"author\" content=\"lajussienne.com\" \/>\n<meta name=\"twitter:card\" content=\"summary_large_image\" \/>\n<meta name=\"twitter:label1\" content=\"\u00c9crit par\" \/>\n\t<meta name=\"twitter:data1\" content=\"lajussienne.com\" \/>\n\t<meta name=\"twitter:label2\" content=\"Dur\u00e9e de lecture estim\u00e9e\" \/>\n\t<meta name=\"twitter:data2\" content=\"2 minutes\" \/>\n<script type=\"application\/ld+json\" class=\"yoast-schema-graph\">{\"@context\":\"https:\/\/schema.org\",\"@graph\":[{\"@type\":\"WebPage\",\"@id\":\"https:\/\/liturgia.o2switch.net\/lajussienne-com-sauvegarde-vieux-site\/lajussienne-com-un-art-de-vivre-a-la-francaise-au-xxieme-siecle\/\",\"url\":\"https:\/\/liturgia.o2switch.net\/lajussienne-com-sauvegarde-vieux-site\/lajussienne-com-un-art-de-vivre-a-la-francaise-au-xxieme-siecle\/\",\"name\":\"lajussienne.com, un art de vivre \u00e0 la fran\u00e7aise au XXI\u00e8me si\u00e8cle - Ex-libris\",\"isPartOf\":{\"@id\":\"https:\/\/liturgia.o2switch.net\/lajussienne-com-sauvegarde-vieux-site\/#website\"},\"primaryImageOfPage\":{\"@id\":\"https:\/\/liturgia.o2switch.net\/lajussienne-com-sauvegarde-vieux-site\/lajussienne-com-un-art-de-vivre-a-la-francaise-au-xxieme-siecle\/#primaryimage\"},\"image\":{\"@id\":\"https:\/\/liturgia.o2switch.net\/lajussienne-com-sauvegarde-vieux-site\/lajussienne-com-un-art-de-vivre-a-la-francaise-au-xxieme-siecle\/#primaryimage\"},\"thumbnailUrl\":\"https:\/\/liturgia.o2switch.net\/lajussienne-com-sauvegarde-vieux-site\/wp-content\/uploads\/2020\/06\/Arbre-genealogique-Louis-XV.png\",\"datePublished\":\"2020-06-22T11:02:45+00:00\",\"dateModified\":\"2021-08-07T13:47:20+00:00\",\"author\":{\"@id\":\"https:\/\/liturgia.o2switch.net\/lajussienne-com-sauvegarde-vieux-site\/#\/schema\/person\/6fdaf214713f603eeef05160392b6a44\"},\"description\":\"Lajussienne.com : notre blog qui explique notre univers et notre projet de faire vivre tradition dans les arts de vivre et modernit\u00e9 : h\u00e9raldique, ex-libris\",\"breadcrumb\":{\"@id\":\"https:\/\/liturgia.o2switch.net\/lajussienne-com-sauvegarde-vieux-site\/lajussienne-com-un-art-de-vivre-a-la-francaise-au-xxieme-siecle\/#breadcrumb\"},\"inLanguage\":\"fr-FR\",\"potentialAction\":[{\"@type\":\"ReadAction\",\"target\":[\"https:\/\/liturgia.o2switch.net\/lajussienne-com-sauvegarde-vieux-site\/lajussienne-com-un-art-de-vivre-a-la-francaise-au-xxieme-siecle\/\"]}]},{\"@type\":\"ImageObject\",\"inLanguage\":\"fr-FR\",\"@id\":\"https:\/\/liturgia.o2switch.net\/lajussienne-com-sauvegarde-vieux-site\/lajussienne-com-un-art-de-vivre-a-la-francaise-au-xxieme-siecle\/#primaryimage\",\"url\":\"https:\/\/liturgia.o2switch.net\/lajussienne-com-sauvegarde-vieux-site\/wp-content\/uploads\/2020\/06\/Arbre-genealogique-Louis-XV.png\",\"contentUrl\":\"https:\/\/liturgia.o2switch.net\/lajussienne-com-sauvegarde-vieux-site\/wp-content\/uploads\/2020\/06\/Arbre-genealogique-Louis-XV.png\",\"width\":3000,\"height\":1632,\"caption\":\"Arbre g\u00e9n\u00e9alogique du Dauphin Louis, fils du roi Louis XV et de la reine Marie Leszczynska, p\u00e8re du futur roi Louis XVI. Gravure de l'Encyclop\u00e9die de Diderot et d'Alembert\"},{\"@type\":\"BreadcrumbList\",\"@id\":\"https:\/\/liturgia.o2switch.net\/lajussienne-com-sauvegarde-vieux-site\/lajussienne-com-un-art-de-vivre-a-la-francaise-au-xxieme-siecle\/#breadcrumb\",\"itemListElement\":[{\"@type\":\"ListItem\",\"position\":1,\"name\":\"Accueil\",\"item\":\"https:\/\/liturgia.o2switch.net\/lajussienne-com-sauvegarde-vieux-site\/\"},{\"@type\":\"ListItem\",\"position\":2,\"name\":\"lajussienne.com, un art de vivre \u00e0 la fran\u00e7aise au XXI\u00e8me si\u00e8cle\"}]},{\"@type\":\"WebSite\",\"@id\":\"https:\/\/liturgia.o2switch.net\/lajussienne-com-sauvegarde-vieux-site\/#website\",\"url\":\"https:\/\/liturgia.o2switch.net\/lajussienne-com-sauvegarde-vieux-site\/\",\"name\":\"La Jussienne\",\"description\":\"Un art de vivre \u00e0 la fran\u00e7aise\",\"potentialAction\":[{\"@type\":\"SearchAction\",\"target\":{\"@type\":\"EntryPoint\",\"urlTemplate\":\"https:\/\/liturgia.o2switch.net\/lajussienne-com-sauvegarde-vieux-site\/?s={search_term_string}\"},\"query-input\":{\"@type\":\"PropertyValueSpecification\",\"valueRequired\":true,\"valueName\":\"search_term_string\"}}],\"inLanguage\":\"fr-FR\"},{\"@type\":\"Person\",\"@id\":\"https:\/\/liturgia.o2switch.net\/lajussienne-com-sauvegarde-vieux-site\/#\/schema\/person\/6fdaf214713f603eeef05160392b6a44\",\"name\":\"lajussienne.com\",\"image\":{\"@type\":\"ImageObject\",\"inLanguage\":\"fr-FR\",\"@id\":\"https:\/\/liturgia.o2switch.net\/lajussienne-com-sauvegarde-vieux-site\/#\/schema\/person\/image\/\",\"url\":\"https:\/\/secure.gravatar.com\/avatar\/bbdb98a9d4e59f4958ef4e9eb3507a5932a1930fab082c6cc69a4ded7a3e5b38?s=96&d=mm&r=g\",\"contentUrl\":\"https:\/\/secure.gravatar.com\/avatar\/bbdb98a9d4e59f4958ef4e9eb3507a5932a1930fab082c6cc69a4ded7a3e5b38?s=96&d=mm&r=g\",\"caption\":\"lajussienne.com\"},\"url\":\"https:\/\/liturgia.o2switch.net\/lajussienne-com-sauvegarde-vieux-site\/author\/liturgia\/\"}]}<\/script>\n<!-- \/ Yoast SEO plugin. -->","yoast_head_json":{"title":"lajussienne.com, un art de vivre \u00e0 la fran\u00e7aise au XXI\u00e8me si\u00e8cle - Ex-libris","description":"Lajussienne.com : notre blog qui explique notre univers et notre projet de faire vivre tradition dans les arts de vivre et modernit\u00e9 : h\u00e9raldique, ex-libris","robots":{"index":"noindex","follow":"follow","max-snippet":"max-snippet:-1","max-image-preview":"max-image-preview:large","max-video-preview":"max-video-preview:-1"},"og_locale":"fr_FR","og_type":"article","og_title":"lajussienne.com, un art de vivre \u00e0 la fran\u00e7aise au XXI\u00e8me si\u00e8cle - Ex-libris","og_description":"Lajussienne.com : notre blog qui explique notre univers et notre projet de faire vivre tradition dans les arts de vivre et modernit\u00e9 : h\u00e9raldique, ex-libris","og_url":"https:\/\/liturgia.o2switch.net\/lajussienne-com-sauvegarde-vieux-site\/lajussienne-com-un-art-de-vivre-a-la-francaise-au-xxieme-siecle\/","og_site_name":"La Jussienne","article_published_time":"2020-06-22T11:02:45+00:00","article_modified_time":"2021-08-07T13:47:20+00:00","og_image":[{"width":1024,"height":557,"url":"https:\/\/liturgia.o2switch.net\/lajussienne-com-sauvegarde-vieux-site\/wp-content\/uploads\/2020\/06\/Arbre-genealogique-Louis-XV-1024x557.png","type":"image\/png"}],"author":"lajussienne.com","twitter_card":"summary_large_image","twitter_misc":{"\u00c9crit par":"lajussienne.com","Dur\u00e9e de lecture estim\u00e9e":"2 minutes"},"schema":{"@context":"https:\/\/schema.org","@graph":[{"@type":"WebPage","@id":"https:\/\/liturgia.o2switch.net\/lajussienne-com-sauvegarde-vieux-site\/lajussienne-com-un-art-de-vivre-a-la-francaise-au-xxieme-siecle\/","url":"https:\/\/liturgia.o2switch.net\/lajussienne-com-sauvegarde-vieux-site\/lajussienne-com-un-art-de-vivre-a-la-francaise-au-xxieme-siecle\/","name":"lajussienne.com, un art de vivre \u00e0 la fran\u00e7aise au XXI\u00e8me si\u00e8cle - Ex-libris","isPartOf":{"@id":"https:\/\/liturgia.o2switch.net\/lajussienne-com-sauvegarde-vieux-site\/#website"},"primaryImageOfPage":{"@id":"https:\/\/liturgia.o2switch.net\/lajussienne-com-sauvegarde-vieux-site\/lajussienne-com-un-art-de-vivre-a-la-francaise-au-xxieme-siecle\/#primaryimage"},"image":{"@id":"https:\/\/liturgia.o2switch.net\/lajussienne-com-sauvegarde-vieux-site\/lajussienne-com-un-art-de-vivre-a-la-francaise-au-xxieme-siecle\/#primaryimage"},"thumbnailUrl":"https:\/\/liturgia.o2switch.net\/lajussienne-com-sauvegarde-vieux-site\/wp-content\/uploads\/2020\/06\/Arbre-genealogique-Louis-XV.png","datePublished":"2020-06-22T11:02:45+00:00","dateModified":"2021-08-07T13:47:20+00:00","author":{"@id":"https:\/\/liturgia.o2switch.net\/lajussienne-com-sauvegarde-vieux-site\/#\/schema\/person\/6fdaf214713f603eeef05160392b6a44"},"description":"Lajussienne.com : notre blog qui explique notre univers et notre projet de faire vivre tradition dans les arts de vivre et modernit\u00e9 : h\u00e9raldique, ex-libris","breadcrumb":{"@id":"https:\/\/liturgia.o2switch.net\/lajussienne-com-sauvegarde-vieux-site\/lajussienne-com-un-art-de-vivre-a-la-francaise-au-xxieme-siecle\/#breadcrumb"},"inLanguage":"fr-FR","potentialAction":[{"@type":"ReadAction","target":["https:\/\/liturgia.o2switch.net\/lajussienne-com-sauvegarde-vieux-site\/lajussienne-com-un-art-de-vivre-a-la-francaise-au-xxieme-siecle\/"]}]},{"@type":"ImageObject","inLanguage":"fr-FR","@id":"https:\/\/liturgia.o2switch.net\/lajussienne-com-sauvegarde-vieux-site\/lajussienne-com-un-art-de-vivre-a-la-francaise-au-xxieme-siecle\/#primaryimage","url":"https:\/\/liturgia.o2switch.net\/lajussienne-com-sauvegarde-vieux-site\/wp-content\/uploads\/2020\/06\/Arbre-genealogique-Louis-XV.png","contentUrl":"https:\/\/liturgia.o2switch.net\/lajussienne-com-sauvegarde-vieux-site\/wp-content\/uploads\/2020\/06\/Arbre-genealogique-Louis-XV.png","width":3000,"height":1632,"caption":"Arbre g\u00e9n\u00e9alogique du Dauphin Louis, fils du roi Louis XV et de la reine Marie Leszczynska, p\u00e8re du futur roi Louis XVI. Gravure de l'Encyclop\u00e9die de Diderot et d'Alembert"},{"@type":"BreadcrumbList","@id":"https:\/\/liturgia.o2switch.net\/lajussienne-com-sauvegarde-vieux-site\/lajussienne-com-un-art-de-vivre-a-la-francaise-au-xxieme-siecle\/#breadcrumb","itemListElement":[{"@type":"ListItem","position":1,"name":"Accueil","item":"https:\/\/liturgia.o2switch.net\/lajussienne-com-sauvegarde-vieux-site\/"},{"@type":"ListItem","position":2,"name":"lajussienne.com, un art de vivre \u00e0 la fran\u00e7aise au XXI\u00e8me si\u00e8cle"}]},{"@type":"WebSite","@id":"https:\/\/liturgia.o2switch.net\/lajussienne-com-sauvegarde-vieux-site\/#website","url":"https:\/\/liturgia.o2switch.net\/lajussienne-com-sauvegarde-vieux-site\/","name":"La Jussienne","description":"Un art de vivre \u00e0 la fran\u00e7aise","potentialAction":[{"@type":"SearchAction","target":{"@type":"EntryPoint","urlTemplate":"https:\/\/liturgia.o2switch.net\/lajussienne-com-sauvegarde-vieux-site\/?s={search_term_string}"},"query-input":{"@type":"PropertyValueSpecification","valueRequired":true,"valueName":"search_term_string"}}],"inLanguage":"fr-FR"},{"@type":"Person","@id":"https:\/\/liturgia.o2switch.net\/lajussienne-com-sauvegarde-vieux-site\/#\/schema\/person\/6fdaf214713f603eeef05160392b6a44","name":"lajussienne.com","image":{"@type":"ImageObject","inLanguage":"fr-FR","@id":"https:\/\/liturgia.o2switch.net\/lajussienne-com-sauvegarde-vieux-site\/#\/schema\/person\/image\/","url":"https:\/\/secure.gravatar.com\/avatar\/bbdb98a9d4e59f4958ef4e9eb3507a5932a1930fab082c6cc69a4ded7a3e5b38?s=96&d=mm&r=g","contentUrl":"https:\/\/secure.gravatar.com\/avatar\/bbdb98a9d4e59f4958ef4e9eb3507a5932a1930fab082c6cc69a4ded7a3e5b38?s=96&d=mm&r=g","caption":"lajussienne.com"},"url":"https:\/\/liturgia.o2switch.net\/lajussienne-com-sauvegarde-vieux-site\/author\/liturgia\/"}]}},"_links":{"self":[{"href":"https:\/\/liturgia.o2switch.net\/lajussienne-com-sauvegarde-vieux-site\/wp-json\/wp\/v2\/posts\/822","targetHints":{"allow":["GET"]}}],"collection":[{"href":"https:\/\/liturgia.o2switch.net\/lajussienne-com-sauvegarde-vieux-site\/wp-json\/wp\/v2\/posts"}],"about":[{"href":"https:\/\/liturgia.o2switch.net\/lajussienne-com-sauvegarde-vieux-site\/wp-json\/wp\/v2\/types\/post"}],"author":[{"embeddable":true,"href":"https:\/\/liturgia.o2switch.net\/lajussienne-com-sauvegarde-vieux-site\/wp-json\/wp\/v2\/users\/1"}],"replies":[{"embeddable":true,"href":"https:\/\/liturgia.o2switch.net\/lajussienne-com-sauvegarde-vieux-site\/wp-json\/wp\/v2\/comments?post=822"}],"version-history":[{"count":8,"href":"https:\/\/liturgia.o2switch.net\/lajussienne-com-sauvegarde-vieux-site\/wp-json\/wp\/v2\/posts\/822\/revisions"}],"predecessor-version":[{"id":2742,"href":"https:\/\/liturgia.o2switch.net\/lajussienne-com-sauvegarde-vieux-site\/wp-json\/wp\/v2\/posts\/822\/revisions\/2742"}],"wp:featuredmedia":[{"embeddable":true,"href":"https:\/\/liturgia.o2switch.net\/lajussienne-com-sauvegarde-vieux-site\/wp-json\/wp\/v2\/media\/824"}],"wp:attachment":[{"href":"https:\/\/liturgia.o2switch.net\/lajussienne-com-sauvegarde-vieux-site\/wp-json\/wp\/v2\/media?parent=822"}],"wp:term":[{"taxonomy":"category","embeddable":true,"href":"https:\/\/liturgia.o2switch.net\/lajussienne-com-sauvegarde-vieux-site\/wp-json\/wp\/v2\/categories?post=822"},{"taxonomy":"post_tag","embeddable":true,"href":"https:\/\/liturgia.o2switch.net\/lajussienne-com-sauvegarde-vieux-site\/wp-json\/wp\/v2\/tags?post=822"}],"curies":[{"name":"wp","href":"https:\/\/api.w.org\/{rel}","templated":true}]}}